{"id":3193,"date":"2023-01-08T10:57:43","date_gmt":"2023-01-08T09:57:43","guid":{"rendered":"https:\/\/feuerwehr-feistritz.at\/?p=3193"},"modified":"2023-01-09T14:01:51","modified_gmt":"2023-01-09T13:01:51","slug":"jahreshauptversammlung-2022-05-jaenner-2023","status":"publish","type":"post","link":"https:\/\/feuerwehr-feistritz.at\/index.php\/2023\/01\/08\/jahreshauptversammlung-2022-05-jaenner-2023\/","title":{"rendered":"Jahreshauptversammlung 2022, 05. J\u00e4nner 2023"},"content":{"rendered":"<p>Am Donnerstag, dem 05. J\u00e4nner 2023 fand in den R\u00e4umlichkeiten des Feuerwehrhauses die Jahreshauptversammlung f\u00fcr das abgelaufene Jahr 2022 statt.<\/p>\n<p>Leider konnte Kommandant HBI Gaggl Bernhard aus gesundheitlichen Gr\u00fcnden die diesj\u00e4hrige Jahreshauptversammlung nicht leiten, so wurde die Durchf\u00fchrung von seinem Stellvertreter, OBI Winkler Johannes \u00fcbernommen.<\/p>\n<p>Neben einer Vielzahl an Kameraden der Feuerwehr Feistritz\/Drau konnte Kommandant-Stellvertreter OBI Winkler Johannes B\u00fcrgermeister M\u00fcller Manuel, Vizeb\u00fcrgermeister Nagelschmied Dieter, Ehrenfeuerwehrkommandant EHBI Amenitsch Johann, ehem. Gemeindefeuerwehrkommandant HBI Rauter Hans, Bezirksfeuerwehrkommandant OBR Pekoll Libert, Abschnittsfeuerwehrkommandant ABI Krainer Michael, Betriebsfeuerwehrkommandant der BTF Seppele OBI Ertl Gerhard sowie Postenkommandant der Polizei Feistritz\/Drau KontrInsp Steiner Hubert herzlich willkommen hei\u00dfen.<\/p>\n<p>F\u00fcr die im Jahr 2022 verstorbenen Kameraden, insbesondere f\u00fcr unseren aktiven Kameraden M\u00fcller Michael, wurde eine Gedenkminute abgehalten.<\/p>\n<p>Der Bericht des Kommandanten, HBI Gaggl Bernhard, welcher von seinen Stellvertreter pr\u00e4sentiert wurde, zeigte trotz der zu Jahresbeginn einschr\u00e4nkenden Corona-Pandemie ein Ereignisreiches Jahr 2022. So wurde neben der Vielzahl an Eins\u00e4tze die neue Drehleiter abgeholt und im Mai beim Tag der offenen T\u00fcr und der Fahrzeugweihe ihrer Bestimmung \u00fcbergeben. Ebenso konnte im abgelaufenen Jahr die Weichen, f\u00fcr den Austausch des in die Jahre gekommenen RLFA 2000 in ein Neues, zweckm\u00e4\u00dfiges Fahrzeug, ein TLFA 2000, gestellt werden. Auch konnten wieder diverse Veranstaltungen besucht und einige veranstaltet werden. Auch die Wettkampfgruppe, nach einer 2-j\u00e4hrigen Durststrecke, konnte endlich wieder Ihr K\u00f6nnen unter Beweis stellen. Herzlich dankte der Kommandant in seinen Bericht f\u00fcr die Einsatzbereitschaft, Wartungs- und Instanthaltungen, die Hilfe und Unterst\u00fctzung bei den vielen Veranstaltungen, Der Bev\u00f6lkerung von Feistritz\/Drau f\u00fcr die zahlreichen Unterst\u00fctzungen, sowie unserem Hausherren, B\u00fcrgermeister M\u00fcller Manuel, welcher auf die Sicherheit der Bev\u00f6lkerung in der Gemeinde Paternion sehr viel Wert legt. &nbsp;<\/p>\n<p>Fortgefahren wurde mit dem Mannschaftsstand. Dieser zeigte einen Stand von 64 Aktiven, 2 Reservemitgliedern, 10 Altmitgliedern, 1 Gastmitglied und eine Frau im Funkdienst auf. &nbsp;<\/p>\n<p>Kommandant Stv. berichtet \u00fcber den \u00dcbungs- und Einsatzdienst:<\/p>\n<p>Im \u00dcbungsbetrieb konnten 64 \u00dcbungen mit 2085 Mannstunden abgehalten werden. Aus- und Weiterbildungen sind f\u00fcr unsere Feuerwehr unabdingbar, so konnten bei 24 Kursen 38 Kameraden an der Landesfeuerwehrschule in Klagenfurt f\u00fcr die herausfordernden Arbeiten der Feuerwehr ausgebildet werden.<\/p>\n<p>Die Feuerwehrwettk\u00e4mpfe konnten im Jahr 2022 wieder durchgef\u00fchrt werden. Bei der Bezirksmeisterschaft in Arnoldstein wurde in Bronze A der Bezirksmeister errungen, in Silber A der 3. Platz. In St.Andr\u00e4 bei der Landesmeisterschaft konnte in Bronze A der 12. Platz erreicht werden und in Silber A erstmalig der Landesmeistertitel.<\/p>\n<p>Bei den Abschnittsbewerben in Ferndorf, M\u00f6ltschach und Feistritz\/Drau wurden 2x der 6. Platz sowie der 3. und 4. Platz erk\u00e4mpft. In der Cupwertung des Bezirkes Villach Land wurde der 5. Gesamtplatz erreicht.<\/p>\n<p>Zu den Eins\u00e4tzen berichtete Kommandant-Stv. OBI Winkler Johannes weiter: Wie bereits in den vergangenen Jahren ist eine st\u00e4tig steigernde Entwicklung im Einsatzgeschehen festzustellen. So wurden im Jahr 2022 insgesamt 22 Brandeins\u00e4tze, 97 Technische Eins\u00e4tze sowie 19 Verkehrsunf\u00e4lle abgewickelt. 19 Personen wurden verletzt und leider sind auch 2 Personen dabei verstorben. Insgesamt wurden bei 138 Eins\u00e4tzen 1931 Mannstunden f\u00fcr den Schutz der Bev\u00f6lkerung geleistet.<\/p>\n<p>Auch den Kameraden der Feuerwehr Feistritz\/Drau wurde f\u00fcr die aufgewendeten Stunden zum Wohle der Bev\u00f6lkerung ein gro\u00dfes Dankesch\u00f6n ausgesprochen. Diese beinhalten nicht nur den Einsatz- und \u00dcbungsbetrieb, sondern auch alle Reparatur-, Instandhaltungsarbeiten, Umbaut\u00e4tigkeiten, Reinigungst\u00e4tigkeiten und vieles mehr welche nicht statistisch gef\u00fchrt werden. .<\/p>\n<p>Kassier, Kameradschaftsf\u00fchrer, Atemschutzbeauftragter, Funkbeauftragter und Hauptmaschinist gaben in Ihren Berichten die erbrachten Leistungen wieder, und dankten den Kameraden f\u00fcr die Unterst\u00fctzung im abgelaufenen Jahr 2022.<\/p>\n<p><strong>Angelobung<\/strong>: Jungwirt Fabian, Tomantschger Christian<\/p>\n<p><strong>Bef\u00f6rderungen<\/strong>:<\/p>\n<p><strong>Feuerwehrmann<\/strong>: Jungwirt Fabian, Tomantschger Christian<\/p>\n<p><strong>Hauptfeuerwehrmann<\/strong>: Zeber Thomas<\/p>\n<p><\/p>\n<p><strong>Funktion mit Besonderer Verwendung: <\/strong><\/p>\n<p><strong>L\u00f6schmeister<\/strong>: Wassertheurer Thomas (Atemschutzbeauftragter)<\/p>\n<p><\/p>\n<p><strong>Alterssteifen<\/strong>:<\/p>\n<p><strong>5<\/strong> <strong>Dienstjahre<\/strong>: Winkler Jakob jun.<\/p>\n<p><strong>30<\/strong> <strong>Dienstjahre<\/strong>: Querer Heinz, Steiner Harald<\/p>\n<p><strong>45<\/strong> <strong>Dienstjahre<\/strong>: Steiner Herwig<\/p>\n<p><strong>50 Dienstjahre:<\/strong> Amenitsch Johann<\/p>\n<p><\/p>\n<p><strong>Funktionen: <\/strong><\/p>\n<p><strong>Funker<\/strong>: Jungwirt Fabian, Tomantschger Christian<\/p>\n<p><strong>Maschinist: <\/strong>Jungwirt Fabian, Neuhold Kevin, Rainer Sonja, Warmuth Nico, Krenn Felizian<\/p>\n<p><strong>Maschinist und Kraftfahrer:<\/strong> Baumgartner Marco, Brandst\u00e4tter Simon<\/p>\n<p><strong>Atemschutz Ortsbeauftragter:<\/strong> Wassertheurer Thomas<\/p>\n<p><\/p>\n<p>Die anwesenden Ehreng\u00e4ste konnten sich ein Bild \u00fcber die zahlreichen T\u00e4tigkeiten und Leistungen der Feuerwehr Feistritz\/Drau machen und dankten in Ihren Gru\u00dfworten den anwesenden Kameraden f\u00fcr den Dienst in der Feuerwehr und die reibungslose Zusammenarbeit im abgelaufenen Jahr 2022.<\/p>\n<p>Beendet wurde die Jahreshauptversammlung 2022 mit den Schlussworten des Kommandanten- Stellvertreters OBI Winker Johannes, welcher den Kameraden und G\u00e4sten alles Gute f\u00fcr das Jahr 2023 und stets eine gute Heimkehr bei den Diensten in der Feuerwehr w\u00fcnschte.<\/p>\n<p><strong>GUT HEIL 2023<\/strong><\/p>\n<p>Text und Fotos: \u00d6A-Team FF Feistritz\/Drau<\/p>\n\n<div class=\"pgc-sgb-cb wp-block-pgcsimplygalleryblock-slider \" data-gallery-id=\"06e83070\"style=&quot;min-height:400px&quot;><div class=\"sgb-preloader\" id=\"pr_06e83070\">\n\t<div class=\"sgb-square\" style=\"background:#d4d4d4\"><\/div>\n\t<div class=\"sgb-square\" style=\"background:#d4d4d4\"><\/div>\n\t<div class=\"sgb-square\" style=\"background:#d4d4d4\"><\/div>\n\t<div class=\"sgb-square\" style=\"background:#d4d4d4\"><\/div><\/div><div class=\"simply-gallery-amp pgc_sgb_slider \"><noscript><div class=\"sgb-gallery\"><div class=\"sgb-item\"><a href=\"https:\/\/feuerwehr-feistritz.at\/?attachment_id=3223\" target=\"_blank\"><img decoding=\"async\" alt=\"\" width=\"300\" height=\"225\" loading=\"lazy\" src=\"https:\/\/feuerwehr-feistritz.at\/wp-content\/uploads\/2023\/01\/20230105_195533-300x225.jpg\" srcset=\"https:\/\/feuerwehr-feistritz.at\/wp-content\/uploads\/2023\/01\/20230105_195533-300x225.jpg 300w,https:\/\/feuerwehr-feistritz.at\/wp-content\/uploads\/2023\/01\/20230105_195533-1024x768.jpg 1024w,https:\/\/feuerwehr-feistritz.at\/wp-content\/uploads\/2023\/01\/20230105_195533-scaled.jpg 2560w\" sizes=\"auto, 250px\"\/><\/a><\/div><div class=\"sgb-item\"><a href=\"https:\/\/feuerwehr-feistritz.at\/?attachment_id=3222\" target=\"_blank\"><img decoding=\"async\" alt=\"\" width=\"300\" height=\"225\" loading=\"lazy\" src=\"https:\/\/feuerwehr-feistritz.at\/wp-content\/uploads\/2023\/01\/20230105_194700-300x225.jpg\" srcset=\"https:\/\/feuerwehr-feistritz.at\/wp-content\/uploads\/2023\/01\/20230105_194700-300x225.jpg 300w,https:\/\/feuerwehr-feistritz.at\/wp-content\/uploads\/2023\/01\/20230105_194700-1024x768.jpg 1024w,https:\/\/feuerwehr-feistritz.at\/wp-content\/uploads\/2023\/01\/20230105_194700-scaled.jpg 2560w\" sizes=\"auto, 250px\"\/><\/a><\/div><div class=\"sgb-item\"><a href=\"https:\/\/feuerwehr-feistritz.at\/?attachment_id=3221\" target=\"_blank\"><img decoding=\"async\" alt=\"\" width=\"300\" height=\"225\" loading=\"lazy\" src=\"https:\/\/feuerwehr-feistritz.at\/wp-content\/uploads\/2023\/01\/20230105_194032-300x225.jpg\" srcset=\"https:\/\/feuerwehr-feistritz.at\/wp-content\/uploads\/2023\/01\/20230105_194032-300x225.jpg 300w,https:\/\/feuerwehr-feistritz.at\/wp-content\/uploads\/2023\/01\/20230105_194032-1024x768.jpg 1024w,https:\/\/feuerwehr-feistritz.at\/wp-content\/uploads\/2023\/01\/20230105_194032-scaled.jpg 2560w\" sizes=\"auto, 250px\"\/><\/a><\/div><div class=\"sgb-item\"><a href=\"https:\/\/feuerwehr-feistritz.at\/?attachment_id=3220\" target=\"_blank\"><img decoding=\"async\" alt=\"\" width=\"300\" height=\"225\" loading=\"lazy\" src=\"https:\/\/feuerwehr-feistritz.at\/wp-content\/uploads\/2023\/01\/20230105_193911-300x225.jpg\" srcset=\"https:\/\/feuerwehr-feistritz.at\/wp-content\/uploads\/2023\/01\/20230105_193911-300x225.jpg 300w,https:\/\/feuerwehr-feistritz.at\/wp-content\/uploads\/2023\/01\/20230105_193911-1024x768.jpg 1024w,https:\/\/feuerwehr-feistritz.at\/wp-content\/uploads\/2023\/01\/20230105_193911-scaled.jpg 2560w\" sizes=\"auto, 250px\"\/><\/a><\/div><div class=\"sgb-item\"><a href=\"https:\/\/feuerwehr-feistritz.at\/?attachment_id=3219\" target=\"_blank\"><img decoding=\"async\" alt=\"\" width=\"300\" height=\"225\" loading=\"lazy\" src=\"https:\/\/feuerwehr-feistritz.at\/wp-content\/uploads\/2023\/01\/20230105_193342-300x225.jpg\" srcset=\"https:\/\/feuerwehr-feistritz.at\/wp-content\/uploads\/2023\/01\/20230105_193342-300x225.jpg 300w,https:\/\/feuerwehr-feistritz.at\/wp-content\/uploads\/2023\/01\/20230105_193342-1024x768.jpg 1024w,https:\/\/feuerwehr-feistritz.at\/wp-content\/uploads\/2023\/01\/20230105_193342-scaled.jpg 2560w\" sizes=\"auto, 250px\"\/><\/a><\/div><div class=\"sgb-item\"><a href=\"https:\/\/feuerwehr-feistritz.at\/?attachment_id=3218\" target=\"_blank\"><img decoding=\"async\" alt=\"\" width=\"300\" height=\"225\" loading=\"lazy\" src=\"https:\/\/feuerwehr-feistritz.at\/wp-content\/uploads\/2023\/01\/20230105_193137-300x225.jpg\" srcset=\"https:\/\/feuerwehr-feistritz.at\/wp-content\/uploads\/2023\/01\/20230105_193137-300x225.jpg 300w,https:\/\/feuerwehr-feistritz.at\/wp-content\/uploads\/2023\/01\/20230105_193137-1024x768.jpg 1024w,https:\/\/feuerwehr-feistritz.at\/wp-content\/uploads\/2023\/01\/20230105_193137-scaled.jpg 2560w\" sizes=\"auto, 250px\"\/><\/a><\/div><div class=\"sgb-item\"><a href=\"https:\/\/feuerwehr-feistritz.at\/?attachment_id=3217\" target=\"_blank\"><img decoding=\"async\" alt=\"\" width=\"300\" height=\"225\" loading=\"lazy\" src=\"https:\/\/feuerwehr-feistritz.at\/wp-content\/uploads\/2023\/01\/20230105_193056-300x225.jpg\" srcset=\"https:\/\/feuerwehr-feistritz.at\/wp-content\/uploads\/2023\/01\/20230105_193056-300x225.jpg 300w,https:\/\/feuerwehr-feistritz.at\/wp-content\/uploads\/2023\/01\/20230105_193056-1024x768.jpg 1024w,https:\/\/feuerwehr-feistritz.at\/wp-content\/uploads\/2023\/01\/20230105_193056-scaled.jpg 2560w\" sizes=\"auto, 250px\"\/><\/a><\/div><div class=\"sgb-item\"><a href=\"https:\/\/feuerwehr-feistritz.at\/?attachment_id=3210\" target=\"_blank\"><img decoding=\"async\" alt=\"\" width=\"300\" height=\"225\" loading=\"lazy\" src=\"https:\/\/feuerwehr-feistritz.at\/wp-content\/uploads\/2023\/01\/20230105_192518-300x225.jpg\" srcset=\"https:\/\/feuerwehr-feistritz.at\/wp-content\/uploads\/2023\/01\/20230105_192518-300x225.jpg 300w,https:\/\/feuerwehr-feistritz.at\/wp-content\/uploads\/2023\/01\/20230105_192518-1024x768.jpg 1024w,https:\/\/feuerwehr-feistritz.at\/wp-content\/uploads\/2023\/01\/20230105_192518-scaled.jpg 2560w\" sizes=\"auto, 250px\"\/><\/a><\/div><div class=\"sgb-item\"><a href=\"https:\/\/feuerwehr-feistritz.at\/?attachment_id=3211\" target=\"_blank\"><img decoding=\"async\" alt=\"\" width=\"300\" height=\"225\" loading=\"lazy\" src=\"https:\/\/feuerwehr-feistritz.at\/wp-content\/uploads\/2023\/01\/20230105_192553-300x225.jpg\" srcset=\"https:\/\/feuerwehr-feistritz.at\/wp-content\/uploads\/2023\/01\/20230105_192553-300x225.jpg 300w,https:\/\/feuerwehr-feistritz.at\/wp-content\/uploads\/2023\/01\/20230105_192553-1024x768.jpg 1024w,https:\/\/feuerwehr-feistritz.at\/wp-content\/uploads\/2023\/01\/20230105_192553-scaled.jpg 2560w\" sizes=\"auto, 250px\"\/><\/a><\/div><div class=\"sgb-item\"><a href=\"https:\/\/feuerwehr-feistritz.at\/?attachment_id=3212\" target=\"_blank\"><img decoding=\"async\" alt=\"\" width=\"300\" height=\"225\" loading=\"lazy\" src=\"https:\/\/feuerwehr-feistritz.at\/wp-content\/uploads\/2023\/01\/20230105_192639-300x225.jpg\" srcset=\"https:\/\/feuerwehr-feistritz.at\/wp-content\/uploads\/2023\/01\/20230105_192639-300x225.jpg 300w,https:\/\/feuerwehr-feistritz.at\/wp-content\/uploads\/2023\/01\/20230105_192639-1024x768.jpg 1024w,https:\/\/feuerwehr-feistritz.at\/wp-content\/uploads\/2023\/01\/20230105_192639-scaled.jpg 2560w\" sizes=\"auto, 250px\"\/><\/a><\/div><div class=\"sgb-item\"><a href=\"https:\/\/feuerwehr-feistritz.at\/?attachment_id=3213\" target=\"_blank\"><img decoding=\"async\" alt=\"\" width=\"300\" height=\"225\" loading=\"lazy\" src=\"https:\/\/feuerwehr-feistritz.at\/wp-content\/uploads\/2023\/01\/20230105_192713-300x225.jpg\" srcset=\"https:\/\/feuerwehr-feistritz.at\/wp-content\/uploads\/2023\/01\/20230105_192713-300x225.jpg 300w,https:\/\/feuerwehr-feistritz.at\/wp-content\/uploads\/2023\/01\/20230105_192713-1024x768.jpg 1024w,https:\/\/feuerwehr-feistritz.at\/wp-content\/uploads\/2023\/01\/20230105_192713-scaled.jpg 2560w\" sizes=\"auto, 250px\"\/><\/a><\/div><div class=\"sgb-item\"><a href=\"https:\/\/feuerwehr-feistritz.at\/?attachment_id=3214\" target=\"_blank\"><img decoding=\"async\" alt=\"\" width=\"300\" height=\"225\" loading=\"lazy\" src=\"https:\/\/feuerwehr-feistritz.at\/wp-content\/uploads\/2023\/01\/20230105_192748-300x225.jpg\" srcset=\"https:\/\/feuerwehr-feistritz.at\/wp-content\/uploads\/2023\/01\/20230105_192748-300x225.jpg 300w,https:\/\/feuerwehr-feistritz.at\/wp-content\/uploads\/2023\/01\/20230105_192748-1024x768.jpg 1024w,https:\/\/feuerwehr-feistritz.at\/wp-content\/uploads\/2023\/01\/20230105_192748-scaled.jpg 2560w\" sizes=\"auto, 250px\"\/><\/a><\/div><div class=\"sgb-item\"><a href=\"https:\/\/feuerwehr-feistritz.at\/?attachment_id=3215\" target=\"_blank\"><img decoding=\"async\" alt=\"\" width=\"300\" height=\"225\" loading=\"lazy\" src=\"https:\/\/feuerwehr-feistritz.at\/wp-content\/uploads\/2023\/01\/20230105_192814-300x225.jpg\" srcset=\"https:\/\/feuerwehr-feistritz.at\/wp-content\/uploads\/2023\/01\/20230105_192814-300x225.jpg 300w,https:\/\/feuerwehr-feistritz.at\/wp-content\/uploads\/2023\/01\/20230105_192814-1024x768.jpg 1024w,https:\/\/feuerwehr-feistritz.at\/wp-content\/uploads\/2023\/01\/20230105_192814-scaled.jpg 2560w\" sizes=\"auto, 250px\"\/><\/a><\/div><div class=\"sgb-item\"><a href=\"https:\/\/feuerwehr-feistritz.at\/?attachment_id=3216\" target=\"_blank\"><img decoding=\"async\" alt=\"\" width=\"300\" height=\"225\" loading=\"lazy\" src=\"https:\/\/feuerwehr-feistritz.at\/wp-content\/uploads\/2023\/01\/20230105_192911-300x225.jpg\" srcset=\"https:\/\/feuerwehr-feistritz.at\/wp-content\/uploads\/2023\/01\/20230105_192911-300x225.jpg 300w,https:\/\/feuerwehr-feistritz.at\/wp-content\/uploads\/2023\/01\/20230105_192911-1024x768.jpg 1024w,https:\/\/feuerwehr-feistritz.at\/wp-content\/uploads\/2023\/01\/20230105_192911-scaled.jpg 2560w\" sizes=\"auto, 250px\"\/><\/a><\/div><div class=\"sgb-item\"><a href=\"https:\/\/feuerwehr-feistritz.at\/?attachment_id=3209\" target=\"_blank\"><img decoding=\"async\" alt=\"\" width=\"300\" height=\"225\" loading=\"lazy\" src=\"https:\/\/feuerwehr-feistritz.at\/wp-content\/uploads\/2023\/01\/20230105_192513-300x225.jpg\" srcset=\"https:\/\/feuerwehr-feistritz.at\/wp-content\/uploads\/2023\/01\/20230105_192513-300x225.jpg 300w,https:\/\/feuerwehr-feistritz.at\/wp-content\/uploads\/2023\/01\/20230105_192513-1024x768.jpg 1024w,https:\/\/feuerwehr-feistritz.at\/wp-content\/uploads\/2023\/01\/20230105_192513-scaled.jpg 2560w\" sizes=\"auto, 250px\"\/><\/a><\/div><div class=\"sgb-item\"><a href=\"https:\/\/feuerwehr-feistritz.at\/?attachment_id=3208\" target=\"_blank\"><img decoding=\"async\" alt=\"\" width=\"300\" height=\"225\" loading=\"lazy\" src=\"https:\/\/feuerwehr-feistritz.at\/wp-content\/uploads\/2023\/01\/20230105_192433-300x225.jpg\" srcset=\"https:\/\/feuerwehr-feistritz.at\/wp-content\/uploads\/2023\/01\/20230105_192433-300x225.jpg 300w,https:\/\/feuerwehr-feistritz.at\/wp-content\/uploads\/2023\/01\/20230105_192433-1024x768.jpg 1024w,https:\/\/feuerwehr-feistritz.at\/wp-content\/uploads\/2023\/01\/20230105_192433-scaled.jpg 2560w\" sizes=\"auto, 250px\"\/><\/a><\/div><div class=\"sgb-item\"><a href=\"https:\/\/feuerwehr-feistritz.at\/?attachment_id=3207\" target=\"_blank\"><img decoding=\"async\" alt=\"\" width=\"300\" height=\"225\" loading=\"lazy\" src=\"https:\/\/feuerwehr-feistritz.at\/wp-content\/uploads\/2023\/01\/20230105_192346-300x225.jpg\" srcset=\"https:\/\/feuerwehr-feistritz.at\/wp-content\/uploads\/2023\/01\/20230105_192346-300x225.jpg 300w,https:\/\/feuerwehr-feistritz.at\/wp-content\/uploads\/2023\/01\/20230105_192346-1024x768.jpg 1024w,https:\/\/feuerwehr-feistritz.at\/wp-content\/uploads\/2023\/01\/20230105_192346-scaled.jpg 2560w\" sizes=\"auto, 250px\"\/><\/a><\/div><div class=\"sgb-item\"><a href=\"https:\/\/feuerwehr-feistritz.at\/?attachment_id=3206\" target=\"_blank\"><img decoding=\"async\" alt=\"\" width=\"300\" height=\"225\" loading=\"lazy\" src=\"https:\/\/feuerwehr-feistritz.at\/wp-content\/uploads\/2023\/01\/20230105_192345-300x225.jpg\" srcset=\"https:\/\/feuerwehr-feistritz.at\/wp-content\/uploads\/2023\/01\/20230105_192345-300x225.jpg 300w,https:\/\/feuerwehr-feistritz.at\/wp-content\/uploads\/2023\/01\/20230105_192345-1024x768.jpg 1024w,https:\/\/feuerwehr-feistritz.at\/wp-content\/uploads\/2023\/01\/20230105_192345-scaled.jpg 2560w\" sizes=\"auto, 250px\"\/><\/a><\/div><div class=\"sgb-item\"><a href=\"https:\/\/feuerwehr-feistritz.at\/?attachment_id=3205\" target=\"_blank\"><img decoding=\"async\" alt=\"\" width=\"300\" height=\"225\" loading=\"lazy\" src=\"https:\/\/feuerwehr-feistritz.at\/wp-content\/uploads\/2023\/01\/20230105_192343-300x225.jpg\" srcset=\"https:\/\/feuerwehr-feistritz.at\/wp-content\/uploads\/2023\/01\/20230105_192343-300x225.jpg 300w,https:\/\/feuerwehr-feistritz.at\/wp-content\/uploads\/2023\/01\/20230105_192343-1024x768.jpg 1024w,https:\/\/feuerwehr-feistritz.at\/wp-content\/uploads\/2023\/01\/20230105_192343-scaled.jpg 2560w\" sizes=\"auto, 250px\"\/><\/a><\/div><div class=\"sgb-item\"><a href=\"https:\/\/feuerwehr-feistritz.at\/?attachment_id=3204\" target=\"_blank\"><img decoding=\"async\" alt=\"\" width=\"300\" height=\"225\" loading=\"lazy\" src=\"https:\/\/feuerwehr-feistritz.at\/wp-content\/uploads\/2023\/01\/20230105_192339-300x225.jpg\" srcset=\"https:\/\/feuerwehr-feistritz.at\/wp-content\/uploads\/2023\/01\/20230105_192339-300x225.jpg 300w,https:\/\/feuerwehr-feistritz.at\/wp-content\/uploads\/2023\/01\/20230105_192339-1024x768.jpg 1024w,https:\/\/feuerwehr-feistritz.at\/wp-content\/uploads\/2023\/01\/20230105_192339-scaled.jpg 2560w\" sizes=\"auto, 250px\"\/><\/a><\/div><div class=\"sgb-item\"><a href=\"https:\/\/feuerwehr-feistritz.at\/?attachment_id=3203\" target=\"_blank\"><img decoding=\"async\" alt=\"\" width=\"300\" height=\"225\" loading=\"lazy\" src=\"https:\/\/feuerwehr-feistritz.at\/wp-content\/uploads\/2023\/01\/20230105_192314-300x225.jpg\" srcset=\"https:\/\/feuerwehr-feistritz.at\/wp-content\/uploads\/2023\/01\/20230105_192314-300x225.jpg 300w,https:\/\/feuerwehr-feistritz.at\/wp-content\/uploads\/2023\/01\/20230105_192314-1024x768.jpg 1024w,https:\/\/feuerwehr-feistritz.at\/wp-content\/uploads\/2023\/01\/20230105_192314-scaled.jpg 2560w\" sizes=\"auto, 250px\"\/><\/a><\/div><div class=\"sgb-item\"><a href=\"https:\/\/feuerwehr-feistritz.at\/?attachment_id=3196\" target=\"_blank\"><img decoding=\"async\" alt=\"\" width=\"300\" height=\"225\" loading=\"lazy\" src=\"https:\/\/feuerwehr-feistritz.at\/wp-content\/uploads\/2023\/01\/20230105_185822-300x225.jpg\" srcset=\"https:\/\/feuerwehr-feistritz.at\/wp-content\/uploads\/2023\/01\/20230105_185822-300x225.jpg 300w,https:\/\/feuerwehr-feistritz.at\/wp-content\/uploads\/2023\/01\/20230105_185822-1024x768.jpg 1024w,https:\/\/feuerwehr-feistritz.at\/wp-content\/uploads\/2023\/01\/20230105_185822-scaled.jpg 2560w\" sizes=\"auto, 250px\"\/><\/a><\/div><div class=\"sgb-item\"><a href=\"https:\/\/feuerwehr-feistritz.at\/?attachment_id=3197\" target=\"_blank\"><img decoding=\"async\" alt=\"\" width=\"300\" height=\"225\" loading=\"lazy\" src=\"https:\/\/feuerwehr-feistritz.at\/wp-content\/uploads\/2023\/01\/20230105_190331-300x225.jpg\" srcset=\"https:\/\/feuerwehr-feistritz.at\/wp-content\/uploads\/2023\/01\/20230105_190331-300x225.jpg 300w,https:\/\/feuerwehr-feistritz.at\/wp-content\/uploads\/2023\/01\/20230105_190331-1024x768.jpg 1024w,https:\/\/feuerwehr-feistritz.at\/wp-content\/uploads\/2023\/01\/20230105_190331-scaled.jpg 2560w\" sizes=\"auto, 250px\"\/><\/a><\/div><div class=\"sgb-item\"><a href=\"https:\/\/feuerwehr-feistritz.at\/?attachment_id=3198\" target=\"_blank\"><img decoding=\"async\" alt=\"\" width=\"300\" height=\"225\" loading=\"lazy\" src=\"https:\/\/feuerwehr-feistritz.at\/wp-content\/uploads\/2023\/01\/20230105_191012-300x225.jpg\" srcset=\"https:\/\/feuerwehr-feistritz.at\/wp-content\/uploads\/2023\/01\/20230105_191012-300x225.jpg 300w,https:\/\/feuerwehr-feistritz.at\/wp-content\/uploads\/2023\/01\/20230105_191012-1024x768.jpg 1024w,https:\/\/feuerwehr-feistritz.at\/wp-content\/uploads\/2023\/01\/20230105_191012-scaled.jpg 2560w\" sizes=\"auto, 250px\"\/><\/a><\/div><div class=\"sgb-item\"><a href=\"https:\/\/feuerwehr-feistritz.at\/?attachment_id=3199\" target=\"_blank\"><img decoding=\"async\" alt=\"\" width=\"300\" height=\"225\" loading=\"lazy\" src=\"https:\/\/feuerwehr-feistritz.at\/wp-content\/uploads\/2023\/01\/20230105_191150-300x225.jpg\" srcset=\"https:\/\/feuerwehr-feistritz.at\/wp-content\/uploads\/2023\/01\/20230105_191150-300x225.jpg 300w,https:\/\/feuerwehr-feistritz.at\/wp-content\/uploads\/2023\/01\/20230105_191150-1024x768.jpg 1024w,https:\/\/feuerwehr-feistritz.at\/wp-content\/uploads\/2023\/01\/20230105_191150-scaled.jpg 2560w\" sizes=\"auto, 250px\"\/><\/a><\/div><div class=\"sgb-item\"><a href=\"https:\/\/feuerwehr-feistritz.at\/?attachment_id=3200\" target=\"_blank\"><img decoding=\"async\" alt=\"\" width=\"300\" height=\"225\" loading=\"lazy\" src=\"https:\/\/feuerwehr-feistritz.at\/wp-content\/uploads\/2023\/01\/20230105_191252-300x225.jpg\" srcset=\"https:\/\/feuerwehr-feistritz.at\/wp-content\/uploads\/2023\/01\/20230105_191252-300x225.jpg 300w,https:\/\/feuerwehr-feistritz.at\/wp-content\/uploads\/2023\/01\/20230105_191252-1024x768.jpg 1024w,https:\/\/feuerwehr-feistritz.at\/wp-content\/uploads\/2023\/01\/20230105_191252-scaled.jpg 2560w\" sizes=\"auto, 250px\"\/><\/a><\/div><div class=\"sgb-item\"><a href=\"https:\/\/feuerwehr-feistritz.at\/?attachment_id=3201\" target=\"_blank\"><img decoding=\"async\" alt=\"\" width=\"300\" height=\"225\" loading=\"lazy\" src=\"https:\/\/feuerwehr-feistritz.at\/wp-content\/uploads\/2023\/01\/20230105_192204-300x225.jpg\" srcset=\"https:\/\/feuerwehr-feistritz.at\/wp-content\/uploads\/2023\/01\/20230105_192204-300x225.jpg 300w,https:\/\/feuerwehr-feistritz.at\/wp-content\/uploads\/2023\/01\/20230105_192204-1024x768.jpg 1024w,https:\/\/feuerwehr-feistritz.at\/wp-content\/uploads\/2023\/01\/20230105_192204-scaled.jpg 2560w\" sizes=\"auto, 250px\"\/><\/a><\/div><div class=\"sgb-item\"><a href=\"https:\/\/feuerwehr-feistritz.at\/?attachment_id=3202\" target=\"_blank\"><img decoding=\"async\" alt=\"\" width=\"300\" height=\"225\" loading=\"lazy\" src=\"https:\/\/feuerwehr-feistritz.at\/wp-content\/uploads\/2023\/01\/20230105_192312-300x225.jpg\" srcset=\"https:\/\/feuerwehr-feistritz.at\/wp-content\/uploads\/2023\/01\/20230105_192312-300x225.jpg 300w,https:\/\/feuerwehr-feistritz.at\/wp-content\/uploads\/2023\/01\/20230105_192312-1024x768.jpg 1024w,https:\/\/feuerwehr-feistritz.at\/wp-content\/uploads\/2023\/01\/20230105_192312-scaled.jpg 2560w\" sizes=\"auto, 250px\"\/><\/a><\/div><div class=\"sgb-item\"><a href=\"https:\/\/feuerwehr-feistritz.at\/?attachment_id=3195\" target=\"_blank\"><img decoding=\"async\" alt=\"\" width=\"300\" height=\"225\" loading=\"lazy\" src=\"https:\/\/feuerwehr-feistritz.at\/wp-content\/uploads\/2023\/01\/20230105_183927-300x225.jpg\" srcset=\"https:\/\/feuerwehr-feistritz.at\/wp-content\/uploads\/2023\/01\/20230105_183927-300x225.jpg 300w,https:\/\/feuerwehr-feistritz.at\/wp-content\/uploads\/2023\/01\/20230105_183927-1024x768.jpg 1024w,https:\/\/feuerwehr-feistritz.at\/wp-content\/uploads\/2023\/01\/20230105_183927-scaled.jpg 2560w\" sizes=\"auto, 250px\"\/><\/a><\/div><\/div><\/noscript><\/div><script type=\"application\/json\" class=\"sgb-data\">{\"sliderAdminWidth\":840,\"galleryType\":\"pgc_sgb_slider\",\"galleryId\":\"06e83070\",\"images\":[{\"id\":3223,\"title\":\"20230105_195533\",\"url\":\"https:\/\/feuerwehr-feistritz.at\/wp-content\/uploads\/2023\/01\/20230105_195533-scaled.jpg\",\"link\":\"https:\/\/feuerwehr-feistritz.at\/?attachment_id=3223\",\"alt\":\"\",\"description\":\"\",\"caption\":\"\",\"mime\":\"image\/jpeg\",\"type\":\"image\",\"width\":2560,\"height\":1920,\"sizes\":{\"thumbnail\":{\"height\":150,\"width\":150,\"url\":\"https:\/\/feuerwehr-feistritz.at\/wp-content\/uploads\/2023\/01\/20230105_195533-150x150.jpg\",\"orientation\":\"landscape\"},\"medium\":{\"height\":225,\"width\":300,\"url\":\"https:\/\/feuerwehr-feistritz.at\/wp-content\/uploads\/2023\/01\/20230105_195533-300x225.jpg\",\"orientation\":\"landscape\"},\"large\":{\"height\":768,\"width\":1024,\"url\":\"https:\/\/feuerwehr-feistritz.at\/wp-content\/uploads\/2023\/01\/20230105_195533-1024x768.jpg\",\"orientation\":\"landscape\"},\"full\":{\"url\":\"https:\/\/feuerwehr-feistritz.at\/wp-content\/uploads\/2023\/01\/20230105_195533-scaled.jpg\",\"height\":1920,\"width\":2560,\"orientation\":\"landscape\"}},\"meta\":false,\"postlink\":\"https:\/\/feuerwehr-feistritz.at\/?attachment_id=3223\"},{\"id\":3222,\"title\":\"20230105_194700\",\"url\":\"https:\/\/feuerwehr-feistritz.at\/wp-content\/uploads\/2023\/01\/20230105_194700-scaled.jpg\",\"link\":\"https:\/\/feuerwehr-feistritz.at\/?attachment_id=3222\",\"alt\":\"\",\"description\":\"\",\"caption\":\"\",\"mime\":\"image\/jpeg\",\"type\":\"image\",\"width\":2560,\"height\":1920,\"sizes\":{\"thumbnail\":{\"height\":150,\"width\":150,\"url\":\"https:\/\/feuerwehr-feistritz.at\/wp-content\/uploads\/2023\/01\/20230105_194700-150x150.jpg\",\"orientation\":\"landscape\"},\"medium\":{\"height\":225,\"width\":300,\"url\":\"https:\/\/feuerwehr-feistritz.at\/wp-content\/uploads\/2023\/01\/20230105_194700-300x225.jpg\",\"orientation\":\"landscape\"},\"large\":{\"height\":768,\"width\":1024,\"url\":\"https:\/\/feuerwehr-feistritz.at\/wp-content\/uploads\/2023\/01\/20230105_194700-1024x768.jpg\",\"orientation\":\"landscape\"},\"full\":{\"url\":\"https:\/\/feuerwehr-feistritz.at\/wp-content\/uploads\/2023\/01\/20230105_194700-scaled.jpg\",\"height\":1920,\"width\":2560,\"orientation\":\"landscape\"}},\"meta\":false,\"postlink\":\"https:\/\/feuerwehr-feistritz.at\/?attachment_id=3222\"},{\"id\":3221,\"title\":\"20230105_194032\",\"url\":\"https:\/\/feuerwehr-feistritz.at\/wp-content\/uploads\/2023\/01\/20230105_194032-scaled.jpg\",\"link\":\"https:\/\/feuerwehr-feistritz.at\/?attachment_id=3221\",\"alt\":\"\",\"description\":\"\",\"caption\":\"\",\"mime\":\"image\/jpeg\",\"type\":\"image\",\"width\":2560,\"height\":1920,\"sizes\":{\"thumbnail\":{\"height\":150,\"width\":150,\"url\":\"https:\/\/feuerwehr-feistritz.at\/wp-content\/uploads\/2023\/01\/20230105_194032-150x150.jpg\",\"orientation\":\"landscape\"},\"medium\":{\"height\":225,\"width\":300,\"url\":\"https:\/\/feuerwehr-feistritz.at\/wp-content\/uploads\/2023\/01\/20230105_194032-300x225.jpg\",\"orientation\":\"landscape\"},\"large\":{\"height\":768,\"width\":1024,\"url\":\"https:\/\/feuerwehr-feistritz.at\/wp-content\/uploads\/2023\/01\/20230105_194032-1024x768.jpg\",\"orientation\":\"landscape\"},\"full\":{\"url\":\"https:\/\/feuerwehr-feistritz.at\/wp-content\/uploads\/2023\/01\/20230105_194032-scaled.jpg\",\"height\":1920,\"width\":2560,\"orientation\":\"landscape\"}},\"meta\":false,\"postlink\":\"https:\/\/feuerwehr-feistritz.at\/?attachment_id=3221\"},{\"id\":3220,\"title\":\"20230105_193911\",\"url\":\"https:\/\/feuerwehr-feistritz.at\/wp-content\/uploads\/2023\/01\/20230105_193911-scaled.jpg\",\"link\":\"https:\/\/feuerwehr-feistritz.at\/?attachment_id=3220\",\"alt\":\"\",\"description\":\"\",\"caption\":\"\",\"mime\":\"image\/jpeg\",\"type\":\"image\",\"width\":2560,\"height\":1920,\"sizes\":{\"thumbnail\":{\"height\":150,\"width\":150,\"url\":\"https:\/\/feuerwehr-feistritz.at\/wp-content\/uploads\/2023\/01\/20230105_193911-150x150.jpg\",\"orientation\":\"landscape\"},\"medium\":{\"height\":225,\"width\":300,\"url\":\"https:\/\/feuerwehr-feistritz.at\/wp-content\/uploads\/2023\/01\/20230105_193911-300x225.jpg\",\"orientation\":\"landscape\"},\"large\":{\"height\":768,\"width\":1024,\"url\":\"https:\/\/feuerwehr-feistritz.at\/wp-content\/uploads\/2023\/01\/20230105_193911-1024x768.jpg\",\"orientation\":\"landscape\"},\"full\":{\"url\":\"https:\/\/feuerwehr-feistritz.at\/wp-content\/uploads\/2023\/01\/20230105_193911-scaled.jpg\",\"height\":1920,\"width\":2560,\"orientation\":\"landscape\"}},\"meta\":false,\"postlink\":\"https:\/\/feuerwehr-feistritz.at\/?attachment_id=3220\"},{\"id\":3219,\"title\":\"20230105_193342\",\"url\":\"https:\/\/feuerwehr-feistritz.at\/wp-content\/uploads\/2023\/01\/20230105_193342-scaled.jpg\",\"link\":\"https:\/\/feuerwehr-feistritz.at\/?attachment_id=3219\",\"alt\":\"\",\"description\":\"\",\"caption\":\"\",\"mime\":\"image\/jpeg\",\"type\":\"image\",\"width\":2560,\"height\":1920,\"sizes\":{\"thumbnail\":{\"height\":150,\"width\":150,\"url\":\"https:\/\/feuerwehr-feistritz.at\/wp-content\/uploads\/2023\/01\/20230105_193342-150x150.jpg\",\"orientation\":\"landscape\"},\"medium\":{\"height\":225,\"width\":300,\"url\":\"https:\/\/feuerwehr-feistritz.at\/wp-content\/uploads\/2023\/01\/20230105_193342-300x225.jpg\",\"orientation\":\"landscape\"},\"large\":{\"height\":768,\"width\":1024,\"url\":\"https:\/\/feuerwehr-feistritz.at\/wp-content\/uploads\/2023\/01\/20230105_193342-1024x768.jpg\",\"orientation\":\"landscape\"},\"full\":{\"url\":\"https:\/\/feuerwehr-feistritz.at\/wp-content\/uploads\/2023\/01\/20230105_193342-scaled.jpg\",\"height\":1920,\"width\":2560,\"orientation\":\"landscape\"}},\"meta\":false,\"postlink\":\"https:\/\/feuerwehr-feistritz.at\/?attachment_id=3219\"},{\"id\":3218,\"title\":\"20230105_193137\",\"url\":\"https:\/\/feuerwehr-feistritz.at\/wp-content\/uploads\/2023\/01\/20230105_193137-scaled.jpg\",\"link\":\"https:\/\/feuerwehr-feistritz.at\/?attachment_id=3218\",\"alt\":\"\",\"description\":\"\",\"caption\":\"\",\"mime\":\"image\/jpeg\",\"type\":\"image\",\"width\":2560,\"height\":1920,\"sizes\":{\"thumbnail\":{\"height\":150,\"width\":150,\"url\":\"https:\/\/feuerwehr-feistritz.at\/wp-content\/uploads\/2023\/01\/20230105_193137-150x150.jpg\",\"orientation\":\"landscape\"},\"medium\":{\"height\":225,\"width\":300,\"url\":\"https:\/\/feuerwehr-feistritz.at\/wp-content\/uploads\/2023\/01\/20230105_193137-300x225.jpg\",\"orientation\":\"landscape\"},\"large\":{\"height\":768,\"width\":1024,\"url\":\"https:\/\/feuerwehr-feistritz.at\/wp-content\/uploads\/2023\/01\/20230105_193137-1024x768.jpg\",\"orientation\":\"landscape\"},\"full\":{\"url\":\"https:\/\/feuerwehr-feistritz.at\/wp-content\/uploads\/2023\/01\/20230105_193137-scaled.jpg\",\"height\":1920,\"width\":2560,\"orientation\":\"landscape\"}},\"meta\":false,\"postlink\":\"https:\/\/feuerwehr-feistritz.at\/?attachment_id=3218\"},{\"id\":3217,\"title\":\"20230105_193056\",\"url\":\"https:\/\/feuerwehr-feistritz.at\/wp-content\/uploads\/2023\/01\/20230105_193056-scaled.jpg\",\"link\":\"https:\/\/feuerwehr-feistritz.at\/?attachment_id=3217\",\"alt\":\"\",\"description\":\"\",\"caption\":\"\",\"mime\":\"image\/jpeg\",\"type\":\"image\",\"width\":2560,\"height\":1920,\"sizes\":{\"thumbnail\":{\"height\":150,\"width\":150,\"url\":\"https:\/\/feuerwehr-feistritz.at\/wp-content\/uploads\/2023\/01\/20230105_193056-150x150.jpg\",\"orientation\":\"landscape\"},\"medium\":{\"height\":225,\"width\":300,\"url\":\"https:\/\/feuerwehr-feistritz.at\/wp-content\/uploads\/2023\/01\/20230105_193056-300x225.jpg\",\"orientation\":\"landscape\"},\"large\":{\"height\":768,\"width\":1024,\"url\":\"https:\/\/feuerwehr-feistritz.at\/wp-content\/uploads\/2023\/01\/20230105_193056-1024x768.jpg\",\"orientation\":\"landscape\"},\"full\":{\"url\":\"https:\/\/feuerwehr-feistritz.at\/wp-content\/uploads\/2023\/01\/20230105_193056-scaled.jpg\",\"height\":1920,\"width\":2560,\"orientation\":\"landscape\"}},\"meta\":false,\"postlink\":\"https:\/\/feuerwehr-feistritz.at\/?attachment_id=3217\"},{\"id\":3210,\"title\":\"20230105_192518\",\"url\":\"https:\/\/feuerwehr-feistritz.at\/wp-content\/uploads\/2023\/01\/20230105_192518-scaled.jpg\",\"link\":\"https:\/\/feuerwehr-feistritz.at\/?attachment_id=3210\",\"alt\":\"\",\"description\":\"\",\"caption\":\"\",\"mime\":\"image\/jpeg\",\"type\":\"image\",\"width\":2560,\"height\":1920,\"sizes\":{\"thumbnail\":{\"height\":150,\"width\":150,\"url\":\"https:\/\/feuerwehr-feistritz.at\/wp-content\/uploads\/2023\/01\/20230105_192518-150x150.jpg\",\"orientation\":\"landscape\"},\"medium\":{\"height\":225,\"width\":300,\"url\":\"https:\/\/feuerwehr-feistritz.at\/wp-content\/uploads\/2023\/01\/20230105_192518-300x225.jpg\",\"orientation\":\"landscape\"},\"large\":{\"height\":768,\"width\":1024,\"url\":\"https:\/\/feuerwehr-feistritz.at\/wp-content\/uploads\/2023\/01\/20230105_192518-1024x768.jpg\",\"orientation\":\"landscape\"},\"full\":{\"url\":\"https:\/\/feuerwehr-feistritz.at\/wp-content\/uploads\/2023\/01\/20230105_192518-scaled.jpg\",\"height\":1920,\"width\":2560,\"orientation\":\"landscape\"}},\"meta\":false,\"postlink\":\"https:\/\/feuerwehr-feistritz.at\/?attachment_id=3210\"},{\"id\":3211,\"title\":\"20230105_192553\",\"url\":\"https:\/\/feuerwehr-feistritz.at\/wp-content\/uploads\/2023\/01\/20230105_192553-scaled.jpg\",\"link\":\"https:\/\/feuerwehr-feistritz.at\/?attachment_id=3211\",\"alt\":\"\",\"description\":\"\",\"caption\":\"\",\"mime\":\"image\/jpeg\",\"type\":\"image\",\"width\":2560,\"height\":1920,\"sizes\":{\"thumbnail\":{\"height\":150,\"width\":150,\"url\":\"https:\/\/feuerwehr-feistritz.at\/wp-content\/uploads\/2023\/01\/20230105_192553-150x150.jpg\",\"orientation\":\"landscape\"},\"medium\":{\"height\":225,\"width\":300,\"url\":\"https:\/\/feuerwehr-feistritz.at\/wp-content\/uploads\/2023\/01\/20230105_192553-300x225.jpg\",\"orientation\":\"landscape\"},\"large\":{\"height\":768,\"width\":1024,\"url\":\"https:\/\/feuerwehr-feistritz.at\/wp-content\/uploads\/2023\/01\/20230105_192553-1024x768.jpg\",\"orientation\":\"landscape\"},\"full\":{\"url\":\"https:\/\/feuerwehr-feistritz.at\/wp-content\/uploads\/2023\/01\/20230105_192553-scaled.jpg\",\"height\":1920,\"width\":2560,\"orientation\":\"landscape\"}},\"meta\":false,\"postlink\":\"https:\/\/feuerwehr-feistritz.at\/?attachment_id=3211\"},{\"id\":3212,\"title\":\"20230105_192639\",\"url\":\"https:\/\/feuerwehr-feistritz.at\/wp-content\/uploads\/2023\/01\/20230105_192639-scaled.jpg\",\"link\":\"https:\/\/feuerwehr-feistritz.at\/?attachment_id=3212\",\"alt\":\"\",\"description\":\"\",\"caption\":\"\",\"mime\":\"image\/jpeg\",\"type\":\"image\",\"width\":2560,\"height\":1920,\"sizes\":{\"thumbnail\":{\"height\":150,\"width\":150,\"url\":\"https:\/\/feuerwehr-feistritz.at\/wp-content\/uploads\/2023\/01\/20230105_192639-150x150.jpg\",\"orientation\":\"landscape\"},\"medium\":{\"height\":225,\"width\":300,\"url\":\"https:\/\/feuerwehr-feistritz.at\/wp-content\/uploads\/2023\/01\/20230105_192639-300x225.jpg\",\"orientation\":\"landscape\"},\"large\":{\"height\":768,\"width\":1024,\"url\":\"https:\/\/feuerwehr-feistritz.at\/wp-content\/uploads\/2023\/01\/20230105_192639-1024x768.jpg\",\"orientation\":\"landscape\"},\"full\":{\"url\":\"https:\/\/feuerwehr-feistritz.at\/wp-content\/uploads\/2023\/01\/20230105_192639-scaled.jpg\",\"height\":1920,\"width\":2560,\"orientation\":\"landscape\"}},\"meta\":false,\"postlink\":\"https:\/\/feuerwehr-feistritz.at\/?attachment_id=3212\"},{\"id\":3213,\"title\":\"20230105_192713\",\"url\":\"https:\/\/feuerwehr-feistritz.at\/wp-content\/uploads\/2023\/01\/20230105_192713-scaled.jpg\",\"link\":\"https:\/\/feuerwehr-feistritz.at\/?attachment_id=3213\",\"alt\":\"\",\"description\":\"\",\"caption\":\"\",\"mime\":\"image\/jpeg\",\"type\":\"image\",\"width\":2560,\"height\":1920,\"sizes\":{\"thumbnail\":{\"height\":150,\"width\":150,\"url\":\"https:\/\/feuerwehr-feistritz.at\/wp-content\/uploads\/2023\/01\/20230105_192713-150x150.jpg\",\"orientation\":\"landscape\"},\"medium\":{\"height\":225,\"width\":300,\"url\":\"https:\/\/feuerwehr-feistritz.at\/wp-content\/uploads\/2023\/01\/20230105_192713-300x225.jpg\",\"orientation\":\"landscape\"},\"large\":{\"height\":768,\"width\":1024,\"url\":\"https:\/\/feuerwehr-feistritz.at\/wp-content\/uploads\/2023\/01\/20230105_192713-1024x768.jpg\",\"orientation\":\"landscape\"},\"full\":{\"url\":\"https:\/\/feuerwehr-feistritz.at\/wp-content\/uploads\/2023\/01\/20230105_192713-scaled.jpg\",\"height\":1920,\"width\":2560,\"orientation\":\"landscape\"}},\"meta\":false,\"postlink\":\"https:\/\/feuerwehr-feistritz.at\/?attachment_id=3213\"},{\"id\":3214,\"title\":\"20230105_192748\",\"url\":\"https:\/\/feuerwehr-feistritz.at\/wp-content\/uploads\/2023\/01\/20230105_192748-scaled.jpg\",\"link\":\"https:\/\/feuerwehr-feistritz.at\/?attachment_id=3214\",\"alt\":\"\",\"description\":\"\",\"caption\":\"\",\"mime\":\"image\/jpeg\",\"type\":\"image\",\"width\":2560,\"height\":1920,\"sizes\":{\"thumbnail\":{\"height\":150,\"width\":150,\"url\":\"https:\/\/feuerwehr-feistritz.at\/wp-content\/uploads\/2023\/01\/20230105_192748-150x150.jpg\",\"orientation\":\"landscape\"},\"medium\":{\"height\":225,\"width\":300,\"url\":\"https:\/\/feuerwehr-feistritz.at\/wp-content\/uploads\/2023\/01\/20230105_192748-300x225.jpg\",\"orientation\":\"landscape\"},\"large\":{\"height\":768,\"width\":1024,\"url\":\"https:\/\/feuerwehr-feistritz.at\/wp-content\/uploads\/2023\/01\/20230105_192748-1024x768.jpg\",\"orientation\":\"landscape\"},\"full\":{\"url\":\"https:\/\/feuerwehr-feistritz.at\/wp-content\/uploads\/2023\/01\/20230105_192748-scaled.jpg\",\"height\":1920,\"width\":2560,\"orientation\":\"landscape\"}},\"meta\":false,\"postlink\":\"https:\/\/feuerwehr-feistritz.at\/?attachment_id=3214\"},{\"id\":3215,\"title\":\"20230105_192814\",\"url\":\"https:\/\/feuerwehr-feistritz.at\/wp-content\/uploads\/2023\/01\/20230105_192814-scaled.jpg\",\"link\":\"https:\/\/feuerwehr-feistritz.at\/?attachment_id=3215\",\"alt\":\"\",\"description\":\"\",\"caption\":\"\",\"mime\":\"image\/jpeg\",\"type\":\"image\",\"width\":2560,\"height\":1920,\"sizes\":{\"thumbnail\":{\"height\":150,\"width\":150,\"url\":\"https:\/\/feuerwehr-feistritz.at\/wp-content\/uploads\/2023\/01\/20230105_192814-150x150.jpg\",\"orientation\":\"landscape\"},\"medium\":{\"height\":225,\"width\":300,\"url\":\"https:\/\/feuerwehr-feistritz.at\/wp-content\/uploads\/2023\/01\/20230105_192814-300x225.jpg\",\"orientation\":\"landscape\"},\"large\":{\"height\":768,\"width\":1024,\"url\":\"https:\/\/feuerwehr-feistritz.at\/wp-content\/uploads\/2023\/01\/20230105_192814-1024x768.jpg\",\"orientation\":\"landscape\"},\"full\":{\"url\":\"https:\/\/feuerwehr-feistritz.at\/wp-content\/uploads\/2023\/01\/20230105_192814-scaled.jpg\",\"height\":1920,\"width\":2560,\"orientation\":\"landscape\"}},\"meta\":false,\"postlink\":\"https:\/\/feuerwehr-feistritz.at\/?attachment_id=3215\"},{\"id\":3216,\"title\":\"20230105_192911\",\"url\":\"https:\/\/feuerwehr-feistritz.at\/wp-content\/uploads\/2023\/01\/20230105_192911-scaled.jpg\",\"link\":\"https:\/\/feuerwehr-feistritz.at\/?attachment_id=3216\",\"alt\":\"\",\"description\":\"\",\"caption\":\"\",\"mime\":\"image\/jpeg\",\"type\":\"image\",\"width\":2560,\"height\":1920,\"sizes\":{\"thumbnail\":{\"height\":150,\"width\":150,\"url\":\"https:\/\/feuerwehr-feistritz.at\/wp-content\/uploads\/2023\/01\/20230105_192911-150x150.jpg\",\"orientation\":\"landscape\"},\"medium\":{\"height\":225,\"width\":300,\"url\":\"https:\/\/feuerwehr-feistritz.at\/wp-content\/uploads\/2023\/01\/20230105_192911-300x225.jpg\",\"orientation\":\"landscape\"},\"large\":{\"height\":768,\"width\":1024,\"url\":\"https:\/\/feuerwehr-feistritz.at\/wp-content\/uploads\/2023\/01\/20230105_192911-1024x768.jpg\",\"orientation\":\"landscape\"},\"full\":{\"url\":\"https:\/\/feuerwehr-feistritz.at\/wp-content\/uploads\/2023\/01\/20230105_192911-scaled.jpg\",\"height\":1920,\"width\":2560,\"orientation\":\"landscape\"}},\"meta\":false,\"postlink\":\"https:\/\/feuerwehr-feistritz.at\/?attachment_id=3216\"},{\"id\":3209,\"title\":\"20230105_192513\",\"url\":\"https:\/\/feuerwehr-feistritz.at\/wp-content\/uploads\/2023\/01\/20230105_192513-scaled.jpg\",\"link\":\"https:\/\/feuerwehr-feistritz.at\/?attachment_id=3209\",\"alt\":\"\",\"description\":\"\",\"caption\":\"\",\"mime\":\"image\/jpeg\",\"type\":\"image\",\"width\":2560,\"height\":1920,\"sizes\":{\"thumbnail\":{\"height\":150,\"width\":150,\"url\":\"https:\/\/feuerwehr-feistritz.at\/wp-content\/uploads\/2023\/01\/20230105_192513-150x150.jpg\",\"orientation\":\"landscape\"},\"medium\":{\"height\":225,\"width\":300,\"url\":\"https:\/\/feuerwehr-feistritz.at\/wp-content\/uploads\/2023\/01\/20230105_192513-300x225.jpg\",\"orientation\":\"landscape\"},\"large\":{\"height\":768,\"width\":1024,\"url\":\"https:\/\/feuerwehr-feistritz.at\/wp-content\/uploads\/2023\/01\/20230105_192513-1024x768.jpg\",\"orientation\":\"landscape\"},\"full\":{\"url\":\"https:\/\/feuerwehr-feistritz.at\/wp-content\/uploads\/2023\/01\/20230105_192513-scaled.jpg\",\"height\":1920,\"width\":2560,\"orientation\":\"landscape\"}},\"meta\":false,\"postlink\":\"https:\/\/feuerwehr-feistritz.at\/?attachment_id=3209\"},{\"id\":3208,\"title\":\"20230105_192433\",\"url\":\"https:\/\/feuerwehr-feistritz.at\/wp-content\/uploads\/2023\/01\/20230105_192433-scaled.jpg\",\"link\":\"https:\/\/feuerwehr-feistritz.at\/?attachment_id=3208\",\"alt\":\"\",\"description\":\"\",\"caption\":\"\",\"mime\":\"image\/jpeg\",\"type\":\"image\",\"width\":2560,\"height\":1920,\"sizes\":{\"thumbnail\":{\"height\":150,\"width\":150,\"url\":\"https:\/\/feuerwehr-feistritz.at\/wp-content\/uploads\/2023\/01\/20230105_192433-150x150.jpg\",\"orientation\":\"landscape\"},\"medium\":{\"height\":225,\"width\":300,\"url\":\"https:\/\/feuerwehr-feistritz.at\/wp-content\/uploads\/2023\/01\/20230105_192433-300x225.jpg\",\"orientation\":\"landscape\"},\"large\":{\"height\":768,\"width\":1024,\"url\":\"https:\/\/feuerwehr-feistritz.at\/wp-content\/uploads\/2023\/01\/20230105_192433-1024x768.jpg\",\"orientation\":\"landscape\"},\"full\":{\"url\":\"https:\/\/feuerwehr-feistritz.at\/wp-content\/uploads\/2023\/01\/20230105_192433-scaled.jpg\",\"height\":1920,\"width\":2560,\"orientation\":\"landscape\"}},\"meta\":false,\"postlink\":\"https:\/\/feuerwehr-feistritz.at\/?attachment_id=3208\"},{\"id\":3207,\"title\":\"20230105_192346\",\"url\":\"https:\/\/feuerwehr-feistritz.at\/wp-content\/uploads\/2023\/01\/20230105_192346-scaled.jpg\",\"link\":\"https:\/\/feuerwehr-feistritz.at\/?attachment_id=3207\",\"alt\":\"\",\"description\":\"\",\"caption\":\"\",\"mime\":\"image\/jpeg\",\"type\":\"image\",\"width\":2560,\"height\":1920,\"sizes\":{\"thumbnail\":{\"height\":150,\"width\":150,\"url\":\"https:\/\/feuerwehr-feistritz.at\/wp-content\/uploads\/2023\/01\/20230105_192346-150x150.jpg\",\"orientation\":\"landscape\"},\"medium\":{\"height\":225,\"width\":300,\"url\":\"https:\/\/feuerwehr-feistritz.at\/wp-content\/uploads\/2023\/01\/20230105_192346-300x225.jpg\",\"orientation\":\"landscape\"},\"large\":{\"height\":768,\"width\":1024,\"url\":\"https:\/\/feuerwehr-feistritz.at\/wp-content\/uploads\/2023\/01\/20230105_192346-1024x768.jpg\",\"orientation\":\"landscape\"},\"full\":{\"url\":\"https:\/\/feuerwehr-feistritz.at\/wp-content\/uploads\/2023\/01\/20230105_192346-scaled.jpg\",\"height\":1920,\"width\":2560,\"orientation\":\"landscape\"}},\"meta\":false,\"postlink\":\"https:\/\/feuerwehr-feistritz.at\/?attachment_id=3207\"},{\"id\":3206,\"title\":\"20230105_192345\",\"url\":\"https:\/\/feuerwehr-feistritz.at\/wp-content\/uploads\/2023\/01\/20230105_192345-scaled.jpg\",\"link\":\"https:\/\/feuerwehr-feistritz.at\/?attachment_id=3206\",\"alt\":\"\",\"description\":\"\",\"caption\":\"\",\"mime\":\"image\/jpeg\",\"type\":\"image\",\"width\":2560,\"height\":1920,\"sizes\":{\"thumbnail\":{\"height\":150,\"width\":150,\"url\":\"https:\/\/feuerwehr-feistritz.at\/wp-content\/uploads\/2023\/01\/20230105_192345-150x150.jpg\",\"orientation\":\"landscape\"},\"medium\":{\"height\":225,\"width\":300,\"url\":\"https:\/\/feuerwehr-feistritz.at\/wp-content\/uploads\/2023\/01\/20230105_192345-300x225.jpg\",\"orientation\":\"landscape\"},\"large\":{\"height\":768,\"width\":1024,\"url\":\"https:\/\/feuerwehr-feistritz.at\/wp-content\/uploads\/2023\/01\/20230105_192345-1024x768.jpg\",\"orientation\":\"landscape\"},\"full\":{\"url\":\"https:\/\/feuerwehr-feistritz.at\/wp-content\/uploads\/2023\/01\/20230105_192345-scaled.jpg\",\"height\":1920,\"width\":2560,\"orientation\":\"landscape\"}},\"meta\":false,\"postlink\":\"https:\/\/feuerwehr-feistritz.at\/?attachment_id=3206\"},{\"id\":3205,\"title\":\"20230105_192343\",\"url\":\"https:\/\/feuerwehr-feistritz.at\/wp-content\/uploads\/2023\/01\/20230105_192343-scaled.jpg\",\"link\":\"https:\/\/feuerwehr-feistritz.at\/?attachment_id=3205\",\"alt\":\"\",\"description\":\"\",\"caption\":\"\",\"mime\":\"image\/jpeg\",\"type\":\"image\",\"width\":2560,\"height\":1920,\"sizes\":{\"thumbnail\":{\"height\":150,\"width\":150,\"url\":\"https:\/\/feuerwehr-feistritz.at\/wp-content\/uploads\/2023\/01\/20230105_192343-150x150.jpg\",\"orientation\":\"landscape\"},\"medium\":{\"height\":225,\"width\":300,\"url\":\"https:\/\/feuerwehr-feistritz.at\/wp-content\/uploads\/2023\/01\/20230105_192343-300x225.jpg\",\"orientation\":\"landscape\"},\"large\":{\"height\":768,\"width\":1024,\"url\":\"https:\/\/feuerwehr-feistritz.at\/wp-content\/uploads\/2023\/01\/20230105_192343-1024x768.jpg\",\"orientation\":\"landscape\"},\"full\":{\"url\":\"https:\/\/feuerwehr-feistritz.at\/wp-content\/uploads\/2023\/01\/20230105_192343-scaled.jpg\",\"height\":1920,\"width\":2560,\"orientation\":\"landscape\"}},\"meta\":false,\"postlink\":\"https:\/\/feuerwehr-feistritz.at\/?attachment_id=3205\"},{\"id\":3204,\"title\":\"20230105_192339\",\"url\":\"https:\/\/feuerwehr-feistritz.at\/wp-content\/uploads\/2023\/01\/20230105_192339-scaled.jpg\",\"link\":\"https:\/\/feuerwehr-feistritz.at\/?attachment_id=3204\",\"alt\":\"\",\"description\":\"\",\"caption\":\"\",\"mime\":\"image\/jpeg\",\"type\":\"image\",\"width\":2560,\"height\":1920,\"sizes\":{\"thumbnail\":{\"height\":150,\"width\":150,\"url\":\"https:\/\/feuerwehr-feistritz.at\/wp-content\/uploads\/2023\/01\/20230105_192339-150x150.jpg\",\"orientation\":\"landscape\"},\"medium\":{\"height\":225,\"width\":300,\"url\":\"https:\/\/feuerwehr-feistritz.at\/wp-content\/uploads\/2023\/01\/20230105_192339-300x225.jpg\",\"orientation\":\"landscape\"},\"large\":{\"height\":768,\"width\":1024,\"url\":\"https:\/\/feuerwehr-feistritz.at\/wp-content\/uploads\/2023\/01\/20230105_192339-1024x768.jpg\",\"orientation\":\"landscape\"},\"full\":{\"url\":\"https:\/\/feuerwehr-feistritz.at\/wp-content\/uploads\/2023\/01\/20230105_192339-scaled.jpg\",\"height\":1920,\"width\":2560,\"orientation\":\"landscape\"}},\"meta\":false,\"postlink\":\"https:\/\/feuerwehr-feistritz.at\/?attachment_id=3204\"},{\"id\":3203,\"title\":\"20230105_192314\",\"url\":\"https:\/\/feuerwehr-feistritz.at\/wp-content\/uploads\/2023\/01\/20230105_192314-scaled.jpg\",\"link\":\"https:\/\/feuerwehr-feistritz.at\/?attachment_id=3203\",\"alt\":\"\",\"description\":\"\",\"caption\":\"\",\"mime\":\"image\/jpeg\",\"type\":\"image\",\"width\":2560,\"height\":1920,\"sizes\":{\"thumbnail\":{\"height\":150,\"width\":150,\"url\":\"https:\/\/feuerwehr-feistritz.at\/wp-content\/uploads\/2023\/01\/20230105_192314-150x150.jpg\",\"orientation\":\"landscape\"},\"medium\":{\"height\":225,\"width\":300,\"url\":\"https:\/\/feuerwehr-feistritz.at\/wp-content\/uploads\/2023\/01\/20230105_192314-300x225.jpg\",\"orientation\":\"landscape\"},\"large\":{\"height\":768,\"width\":1024,\"url\":\"https:\/\/feuerwehr-feistritz.at\/wp-content\/uploads\/2023\/01\/20230105_192314-1024x768.jpg\",\"orientation\":\"landscape\"},\"full\":{\"url\":\"https:\/\/feuerwehr-feistritz.at\/wp-content\/uploads\/2023\/01\/20230105_192314-scaled.jpg\",\"height\":1920,\"width\":2560,\"orientation\":\"landscape\"}},\"meta\":false,\"postlink\":\"https:\/\/feuerwehr-feistritz.at\/?attachment_id=3203\"},{\"id\":3196,\"title\":\"20230105_185822\",\"url\":\"https:\/\/feuerwehr-feistritz.at\/wp-content\/uploads\/2023\/01\/20230105_185822-scaled.jpg\",\"link\":\"https:\/\/feuerwehr-feistritz.at\/?attachment_id=3196\",\"alt\":\"\",\"description\":\"\",\"caption\":\"\",\"mime\":\"image\/jpeg\",\"type\":\"image\",\"width\":2560,\"height\":1920,\"sizes\":{\"thumbnail\":{\"height\":150,\"width\":150,\"url\":\"https:\/\/feuerwehr-feistritz.at\/wp-content\/uploads\/2023\/01\/20230105_185822-150x150.jpg\",\"orientation\":\"landscape\"},\"medium\":{\"height\":225,\"width\":300,\"url\":\"https:\/\/feuerwehr-feistritz.at\/wp-content\/uploads\/2023\/01\/20230105_185822-300x225.jpg\",\"orientation\":\"landscape\"},\"large\":{\"height\":768,\"width\":1024,\"url\":\"https:\/\/feuerwehr-feistritz.at\/wp-content\/uploads\/2023\/01\/20230105_185822-1024x768.jpg\",\"orientation\":\"landscape\"},\"full\":{\"url\":\"https:\/\/feuerwehr-feistritz.at\/wp-content\/uploads\/2023\/01\/20230105_185822-scaled.jpg\",\"height\":1920,\"width\":2560,\"orientation\":\"landscape\"}},\"meta\":false,\"postlink\":\"https:\/\/feuerwehr-feistritz.at\/?attachment_id=3196\"},{\"id\":3197,\"title\":\"20230105_190331\",\"url\":\"https:\/\/feuerwehr-feistritz.at\/wp-content\/uploads\/2023\/01\/20230105_190331-scaled.jpg\",\"link\":\"https:\/\/feuerwehr-feistritz.at\/?attachment_id=3197\",\"alt\":\"\",\"description\":\"\",\"caption\":\"\",\"mime\":\"image\/jpeg\",\"type\":\"image\",\"width\":2560,\"height\":1920,\"sizes\":{\"thumbnail\":{\"height\":150,\"width\":150,\"url\":\"https:\/\/feuerwehr-feistritz.at\/wp-content\/uploads\/2023\/01\/20230105_190331-150x150.jpg\",\"orientation\":\"landscape\"},\"medium\":{\"height\":225,\"width\":300,\"url\":\"https:\/\/feuerwehr-feistritz.at\/wp-content\/uploads\/2023\/01\/20230105_190331-300x225.jpg\",\"orientation\":\"landscape\"},\"large\":{\"height\":768,\"width\":1024,\"url\":\"https:\/\/feuerwehr-feistritz.at\/wp-content\/uploads\/2023\/01\/20230105_190331-1024x768.jpg\",\"orientation\":\"landscape\"},\"full\":{\"url\":\"https:\/\/feuerwehr-feistritz.at\/wp-content\/uploads\/2023\/01\/20230105_190331-scaled.jpg\",\"height\":1920,\"width\":2560,\"orientation\":\"landscape\"}},\"meta\":false,\"postlink\":\"https:\/\/feuerwehr-feistritz.at\/?attachment_id=3197\"},{\"id\":3198,\"title\":\"20230105_191012\",\"url\":\"https:\/\/feuerwehr-feistritz.at\/wp-content\/uploads\/2023\/01\/20230105_191012-scaled.jpg\",\"link\":\"https:\/\/feuerwehr-feistritz.at\/?attachment_id=3198\",\"alt\":\"\",\"description\":\"\",\"caption\":\"\",\"mime\":\"image\/jpeg\",\"type\":\"image\",\"width\":2560,\"height\":1920,\"sizes\":{\"thumbnail\":{\"height\":150,\"width\":150,\"url\":\"https:\/\/feuerwehr-feistritz.at\/wp-content\/uploads\/2023\/01\/20230105_191012-150x150.jpg\",\"orientation\":\"landscape\"},\"medium\":{\"height\":225,\"width\":300,\"url\":\"https:\/\/feuerwehr-feistritz.at\/wp-content\/uploads\/2023\/01\/20230105_191012-300x225.jpg\",\"orientation\":\"landscape\"},\"large\":{\"height\":768,\"width\":1024,\"url\":\"https:\/\/feuerwehr-feistritz.at\/wp-content\/uploads\/2023\/01\/20230105_191012-1024x768.jpg\",\"orientation\":\"landscape\"},\"full\":{\"url\":\"https:\/\/feuerwehr-feistritz.at\/wp-content\/uploads\/2023\/01\/20230105_191012-scaled.jpg\",\"height\":1920,\"width\":2560,\"orientation\":\"landscape\"}},\"meta\":false,\"postlink\":\"https:\/\/feuerwehr-feistritz.at\/?attachment_id=3198\"},{\"id\":3199,\"title\":\"20230105_191150\",\"url\":\"https:\/\/feuerwehr-feistritz.at\/wp-content\/uploads\/2023\/01\/20230105_191150-scaled.jpg\",\"link\":\"https:\/\/feuerwehr-feistritz.at\/?attachment_id=3199\",\"alt\":\"\",\"description\":\"\",\"caption\":\"\",\"mime\":\"image\/jpeg\",\"type\":\"image\",\"width\":2560,\"height\":1920,\"sizes\":{\"thumbnail\":{\"height\":150,\"width\":150,\"url\":\"https:\/\/feuerwehr-feistritz.at\/wp-content\/uploads\/2023\/01\/20230105_191150-150x150.jpg\",\"orientation\":\"landscape\"},\"medium\":{\"height\":225,\"width\":300,\"url\":\"https:\/\/feuerwehr-feistritz.at\/wp-content\/uploads\/2023\/01\/20230105_191150-300x225.jpg\",\"orientation\":\"landscape\"},\"large\":{\"height\":768,\"width\":1024,\"url\":\"https:\/\/feuerwehr-feistritz.at\/wp-content\/uploads\/2023\/01\/20230105_191150-1024x768.jpg\",\"orientation\":\"landscape\"},\"full\":{\"url\":\"https:\/\/feuerwehr-feistritz.at\/wp-content\/uploads\/2023\/01\/20230105_191150-scaled.jpg\",\"height\":1920,\"width\":2560,\"orientation\":\"landscape\"}},\"meta\":false,\"postlink\":\"https:\/\/feuerwehr-feistritz.at\/?attachment_id=3199\"},{\"id\":3200,\"title\":\"20230105_191252\",\"url\":\"https:\/\/feuerwehr-feistritz.at\/wp-content\/uploads\/2023\/01\/20230105_191252-scaled.jpg\",\"link\":\"https:\/\/feuerwehr-feistritz.at\/?attachment_id=3200\",\"alt\":\"\",\"description\":\"\",\"caption\":\"\",\"mime\":\"image\/jpeg\",\"type\":\"image\",\"width\":2560,\"height\":1920,\"sizes\":{\"thumbnail\":{\"height\":150,\"width\":150,\"url\":\"https:\/\/feuerwehr-feistritz.at\/wp-content\/uploads\/2023\/01\/20230105_191252-150x150.jpg\",\"orientation\":\"landscape\"},\"medium\":{\"height\":225,\"width\":300,\"url\":\"https:\/\/feuerwehr-feistritz.at\/wp-content\/uploads\/2023\/01\/20230105_191252-300x225.jpg\",\"orientation\":\"landscape\"},\"large\":{\"height\":768,\"width\":1024,\"url\":\"https:\/\/feuerwehr-feistritz.at\/wp-content\/uploads\/2023\/01\/20230105_191252-1024x768.jpg\",\"orientation\":\"landscape\"},\"full\":{\"url\":\"https:\/\/feuerwehr-feistritz.at\/wp-content\/uploads\/2023\/01\/20230105_191252-scaled.jpg\",\"height\":1920,\"width\":2560,\"orientation\":\"landscape\"}},\"meta\":false,\"postlink\":\"https:\/\/feuerwehr-feistritz.at\/?attachment_id=3200\"},{\"id\":3201,\"title\":\"20230105_192204\",\"url\":\"https:\/\/feuerwehr-feistritz.at\/wp-content\/uploads\/2023\/01\/20230105_192204-scaled.jpg\",\"link\":\"https:\/\/feuerwehr-feistritz.at\/?attachment_id=3201\",\"alt\":\"\",\"description\":\"\",\"caption\":\"\",\"mime\":\"image\/jpeg\",\"type\":\"image\",\"width\":2560,\"height\":1920,\"sizes\":{\"thumbnail\":{\"height\":150,\"width\":150,\"url\":\"https:\/\/feuerwehr-feistritz.at\/wp-content\/uploads\/2023\/01\/20230105_192204-150x150.jpg\",\"orientation\":\"landscape\"},\"medium\":{\"height\":225,\"width\":300,\"url\":\"https:\/\/feuerwehr-feistritz.at\/wp-content\/uploads\/2023\/01\/20230105_192204-300x225.jpg\",\"orientation\":\"landscape\"},\"large\":{\"height\":768,\"width\":1024,\"url\":\"https:\/\/feuerwehr-feistritz.at\/wp-content\/uploads\/2023\/01\/20230105_192204-1024x768.jpg\",\"orientation\":\"landscape\"},\"full\":{\"url\":\"https:\/\/feuerwehr-feistritz.at\/wp-content\/uploads\/2023\/01\/20230105_192204-scaled.jpg\",\"height\":1920,\"width\":2560,\"orientation\":\"landscape\"}},\"meta\":false,\"postlink\":\"https:\/\/feuerwehr-feistritz.at\/?attachment_id=3201\"},{\"id\":3202,\"title\":\"20230105_192312\",\"url\":\"https:\/\/feuerwehr-feistritz.at\/wp-content\/uploads\/2023\/01\/20230105_192312-scaled.jpg\",\"link\":\"https:\/\/feuerwehr-feistritz.at\/?attachment_id=3202\",\"alt\":\"\",\"description\":\"\",\"caption\":\"\",\"mime\":\"image\/jpeg\",\"type\":\"image\",\"width\":2560,\"height\":1920,\"sizes\":{\"thumbnail\":{\"height\":150,\"width\":150,\"url\":\"https:\/\/feuerwehr-feistritz.at\/wp-content\/uploads\/2023\/01\/20230105_192312-150x150.jpg\",\"orientation\":\"landscape\"},\"medium\":{\"height\":225,\"width\":300,\"url\":\"https:\/\/feuerwehr-feistritz.at\/wp-content\/uploads\/2023\/01\/20230105_192312-300x225.jpg\",\"orientation\":\"landscape\"},\"large\":{\"height\":768,\"width\":1024,\"url\":\"https:\/\/feuerwehr-feistritz.at\/wp-content\/uploads\/2023\/01\/20230105_192312-1024x768.jpg\",\"orientation\":\"landscape\"},\"full\":{\"url\":\"https:\/\/feuerwehr-feistritz.at\/wp-content\/uploads\/2023\/01\/20230105_192312-scaled.jpg\",\"height\":1920,\"width\":2560,\"orientation\":\"landscape\"}},\"meta\":false,\"postlink\":\"https:\/\/feuerwehr-feistritz.at\/?attachment_id=3202\"},{\"id\":3195,\"title\":\"20230105_183927\",\"url\":\"https:\/\/feuerwehr-feistritz.at\/wp-content\/uploads\/2023\/01\/20230105_183927-scaled.jpg\",\"link\":\"https:\/\/feuerwehr-feistritz.at\/?attachment_id=3195\",\"alt\":\"\",\"description\":\"\",\"caption\":\"\",\"mime\":\"image\/jpeg\",\"type\":\"image\",\"width\":2560,\"height\":1920,\"sizes\":{\"thumbnail\":{\"height\":150,\"width\":150,\"url\":\"https:\/\/feuerwehr-feistritz.at\/wp-content\/uploads\/2023\/01\/20230105_183927-150x150.jpg\",\"orientation\":\"landscape\"},\"medium\":{\"height\":225,\"width\":300,\"url\":\"https:\/\/feuerwehr-feistritz.at\/wp-content\/uploads\/2023\/01\/20230105_183927-300x225.jpg\",\"orientation\":\"landscape\"},\"large\":{\"height\":768,\"width\":1024,\"url\":\"https:\/\/feuerwehr-feistritz.at\/wp-content\/uploads\/2023\/01\/20230105_183927-1024x768.jpg\",\"orientation\":\"landscape\"},\"full\":{\"url\":\"https:\/\/feuerwehr-feistritz.at\/wp-content\/uploads\/2023\/01\/20230105_183927-scaled.jpg\",\"height\":1920,\"width\":2560,\"orientation\":\"landscape\"}},\"meta\":false,\"postlink\":\"https:\/\/feuerwehr-feistritz.at\/?attachment_id=3195\"}],\"itemsMetaDataCollection\":[]}<\/script><script>(function(){if(window.PGC_SGB && window.PGC_SGB.searcher){window.PGC_SGB.searcher.initBlocks()}})()<\/script><\/div>","protected":false},"excerpt":{"rendered":"<p>Am Donnerstag, dem 05. J\u00e4nner 2023 fand in den R\u00e4umlichkeiten [&hellip;]<\/p>\n","protected":false},"author":2,"featured_media":3194,"comment_status":"open","ping_status":"open","sticky":false,"template":"","format":"standard","meta":{"pgc_sgb_lightbox_settings":"","footnotes":""},"categories":[7],"tags":[],"class_list":["post-3193","post","type-post","status-publish","format-standard","has-post-thumbnail","hentry","category-allgemeines","col-md-4 col-sm-4"],"_links":{"self":[{"href":"https:\/\/feuerwehr-feistritz.at\/index.php\/wp-json\/wp\/v2\/posts\/3193","targetHints":{"allow":["GET"]}}],"collection":[{"href":"https:\/\/feuerwehr-feistritz.at\/index.php\/wp-json\/wp\/v2\/posts"}],"about":[{"href":"https:\/\/feuerwehr-feistritz.at\/index.php\/wp-json\/wp\/v2\/types\/post"}],"author":[{"embeddable":true,"href":"https:\/\/feuerwehr-feistritz.at\/index.php\/wp-json\/wp\/v2\/users\/2"}],"replies":[{"embeddable":true,"href":"https:\/\/feuerwehr-feistritz.at\/index.php\/wp-json\/wp\/v2\/comments?post=3193"}],"version-history":[{"count":2,"href":"https:\/\/feuerwehr-feistritz.at\/index.php\/wp-json\/wp\/v2\/posts\/3193\/revisions"}],"predecessor-version":[{"id":3225,"href":"https:\/\/feuerwehr-feistritz.at\/index.php\/wp-json\/wp\/v2\/posts\/3193\/revisions\/3225"}],"wp:featuredmedia":[{"embeddable":true,"href":"https:\/\/feuerwehr-feistritz.at\/index.php\/wp-json\/wp\/v2\/media\/3194"}],"wp:attachment":[{"href":"https:\/\/feuerwehr-feistritz.at\/index.php\/wp-json\/wp\/v2\/media?parent=3193"}],"wp:term":[{"taxonomy":"category","embeddable":true,"href":"https:\/\/feuerwehr-feistritz.at\/index.php\/wp-json\/wp\/v2\/categories?post=3193"},{"taxonomy":"post_tag","embeddable":true,"href":"https:\/\/feuerwehr-feistritz.at\/index.php\/wp-json\/wp\/v2\/tags?post=3193"}],"curies":[{"name":"wp","href":"https:\/\/api.w.org\/{rel}","templated":true}]}}