{"id":3632,"date":"2024-01-11T13:38:49","date_gmt":"2024-01-11T12:38:49","guid":{"rendered":"https:\/\/feuerwehr-feistritz.at\/?p=3632"},"modified":"2024-01-11T13:38:51","modified_gmt":"2024-01-11T12:38:51","slug":"jahreshauptversammlung-2023-05-jaenner-2024","status":"publish","type":"post","link":"https:\/\/feuerwehr-feistritz.at\/index.php\/2024\/01\/11\/jahreshauptversammlung-2023-05-jaenner-2024\/","title":{"rendered":"Jahreshauptversammlung 2023, 05.J\u00e4nner 2024"},"content":{"rendered":"<p>Am Freitag, dem 05. J\u00e4nner 2023 fand in den R\u00e4umlichkeiten des Feuerwehrhauses die Jahreshauptversammlung f\u00fcr das abgelaufene Jahr 2023 statt.<\/p>\n<p>Neben einer Vielzahl an Kameraden der Feuerwehr Feistritz\/Drau konnte Kommandant HBI Berhard Gaggl B\u00fcrgermeister M\u00fcller Manuel, Vizeb\u00fcrgermeister Nagelschmied Dieter, Ehrenfeuerwehrkommandant EHBI Amenitsch Johann, Ehrenbezirksfeuerwehrkommandant EOBR Ebner Peter, Bezirksfeuerwehrkommandant-Stv. BR Brugger Manfred, Abschnittsfeuerwehrkommandant-Stv. HBI Amann Alfred, Betriebsfeuerwehrkommandant der BTF Seppele OBI Ertl Gerhard sowie von der Autobahnpolizeiinspektion Lieserhofen ChefInsp Fr\u00f6schl Hans-Peter herzlich willkommen hei\u00dfen.<\/p>\n<p>F\u00fcr die verstorbenen Kameraden wurde eine Gedenkminute abgehalten.<\/p>\n<p>Der Bericht des Kommandanten, HBI Gaggl Bernhard, zeigte ein Ereignisreiches Jahr wider. 3 Atemschutzger\u00e4te konnten getauscht werden, 3 weitere Atemschutzger\u00e4te werden im Jahr 2024 getauscht. Ebenso informierte er \u00fcber die Neuanschaffung des TLFA 2000, welcher im Jahr 2024 in Feuerwehr in den Dienst gestellt wird und einen wesentlichen Beitrag zur Sicherheit der Bev\u00f6lkerung in der Gemeinde Paternion und dar\u00fcber hinaus beitragen wird. Ebenso erfreut zeigte sich der Kommandant \u00fcber die hervorragende Leistung der Wettkampfgruppe. So konnte der Doppelbezirksmeister und erstmalig in der Geschichte der Feuerwehr der Doppellandesmeister nach Feistritz\/Drau gebracht werden.<\/p>\n<p>Herzlich dankte der Kommandant in seinen Bericht f\u00fcr die Einsatzbereitschaft, Wartungs- und Instanthaltungen, die Hilfe und Unterst\u00fctzung bei den vielen Veranstaltungen, der Bev\u00f6lkerung von Feistritz\/Drau f\u00fcr die zahlreichen Unterst\u00fctzungen, sowie unserem Hausherren, B\u00fcrgermeister M\u00fcller Manuel, welcher auf die Sicherheit der Bev\u00f6lkerung in der Gemeinde Paternion sehr viel Wert legt.<\/p>\n<p>Fortgefahren wurde mit dem Mannschaftsstand. Dieser zeigte einen Stand von 63 Aktiven,1 Mitglied auf Probe, 2 Reservemitgliedern, 10 Altmitgliedern, 1 Gastmitglied und eine Frau im Funkdienst auf. \u00a0<\/p>\n<p>Kommandant Stv. OBI Winkler Johannes berichtet \u00fcber den \u00dcbungs- und Einsatzdienst:<\/p>\n<p>Im \u00dcbungsbetrieb konnten 66 \u00dcbungen mit 1876 Mannstunden abgehalten werden. 12 Dienstbesprechungen wurden vom Ausschuss abgehalten. Aus- und Weiterbildungen sind f\u00fcr unsere Feuerwehr unabdingbar, so konnten bei 13 Kursen 22 Kameraden an der Landesfeuerwehrschule in Klagenfurt f\u00fcr die herausfordernden Arbeiten der Feuerwehr ausgebildet werden.<\/p>\n<p>Nach einen holprigen Start konnten die Feuerwehrwettk\u00e4mpfe im Jahr 2023 \u00e4u\u00dferst erfolgreich beendet werden. Bei der Bezirkmeisterschaft in St.Jakob\/Rosental konnte der Doppelbezirksmeister in Silber A und Mannschaftsleistungsbewerb errungen werden. Als Doppellandesmeister ebenso in den gleichen Kategorien fanden erstmalig in der Geschichte der Feuerwehr Feistritz\/Drau in Poggersdorf erfolgreich ein Ende.<\/p>\n<p>Bei den Abschnittsbewerben in Drobollach, Feld am See und P\u00f6llan wurden der 12. Platz sowie der 19. und 4. Platz erk\u00e4mpft. In der Cupwertung des Bezirkes Villach Land wurde der 13. Gesamtplatz erreicht.<\/p>\n<p>Zu den Eins\u00e4tzen berichtete Kommandant-Stv. OBI Winkler Johannes weiter: Nach einem Au\u00dfreiserjahr mit knapp 140 Eins\u00e4tzen besch\u00e4ftigte ein \u201enormales\u201c Einsatzjahr die Feuerwehr. \u00a0So wurden im Jahr 2022 insgesamt 12 Brandeins\u00e4tze, 31 Technische Eins\u00e4tze sowie 23 Verkehrsunf\u00e4lle abgewickelt. 17 Personen wurden verletzt. Insgesamt wurden bei 66 Eins\u00e4tzen 898 Mannstunden f\u00fcr den Schutz der Bev\u00f6lkerung geleistet.<\/p>\n<p><strong>Insgesamt wurden bei den 145 Zusammenk\u00fcnften mit 1716 Mann 3032 Stunden aufgewendet. <\/strong><\/p>\n<p>Nicht enthalten sind Reparatur-, Instandhaltungsarbeiten, Umbaut\u00e4tigkeiten, Reinigungst\u00e4tigkeiten und vieles mehr.<\/p>\n<p>Auch den Kameraden der Feuerwehr Feistritz\/Drau wurde f\u00fcr alle aufgewendeten Stunden zum Wohle der Bev\u00f6lkerung ein gro\u00dfes Dankesch\u00f6n ausgesprochen. Diese beinhalten nicht nur den Einsatz- und \u00dcbungsbetrieb, sondern auch alle Reparatur-, Instandhaltungsarbeiten, Umbaut\u00e4tigkeiten, Reinigungst\u00e4tigkeiten und vieles mehr welche nicht statistisch gef\u00fchrt werden. .<\/p>\n<p>Kassier, Kameradschaftsf\u00fchrer, Atemschutzbeauftragter, Funkbeauftragter und Hauptmaschinist gaben in Ihren Berichten die erbrachten Leistungen wieder, und dankten den Kameraden f\u00fcr die Unterst\u00fctzung im abgelaufenen Jahr 2023.<\/p>\n<p><strong>\u00a0<\/strong><\/p>\n<p><strong>Neuaufnahme<\/strong>: Lammegger Peter<\/p>\n<p>\u00a0<\/p>\n<p><strong>Bef\u00f6rderungen<\/strong>:<\/p>\n<p><strong>Oberfeuerwehrmann<\/strong>: Gaggl Manuela, Winkler Jakob jun.<\/p>\n<p><strong>Hauptfeuerwehrmann<\/strong>: Bergauer Philipp, Ganzer Florian<\/p>\n<p>\u00a0<\/p>\n<p><strong>Alterssteifen<\/strong>:<\/p>\n<p><strong>10<\/strong> <strong>Dienstjahre<\/strong>: M\u00fcnzer Bettina<\/p>\n<p><strong>15 Dienstjahre:<\/strong> Knaflitsch Rene, Ott Patrick, Steiner Josef jun.<\/p>\n<p><strong>20 Dienstjahre:<\/strong> Kuttin Andreas, Zeber Patrick, Winkler Johannes<\/p>\n<p><strong>25 Dienstjahre:<\/strong> Amenitsch J\u00f6rg, Winkler Christoph<\/p>\n<p><strong>30<\/strong> <strong>Dienstjahre<\/strong>: Weber Heimo, Winkler Alexander, Bergauer Peter, Neuhold G\u00fcnther<\/p>\n<p><strong>40 Dienstjahre:<\/strong> Rauter Bruno<\/p>\n<p><strong>50 Dienstjahre:<\/strong> Schatzmayer Walter<\/p>\n<p>\u00a0<\/p>\n<p><strong>Funktionen: <\/strong><\/p>\n<p><strong>Atemschutz<\/strong>: Winkler Jakob jun., Neuhold Kevin, Warmuth Nico<\/p>\n<p><strong>Maschinist und Kraftfahrer:<\/strong> Warmuth Nico, Wassertheurer Thomas<\/p>\n<p>\u00a0<\/p>\n<p>Die anwesenden Ehreng\u00e4ste konnten sich ein Bild \u00fcber die zahlreichen T\u00e4tigkeiten und Leistungen der Feuerwehr Feistritz\/Drau machen und dankten in Ihren Gru\u00dfworten den anwesenden Kameraden f\u00fcr den Dienst in der Feuerwehr und die reibungslose Zusammenarbeit im abgelaufenen Jahr 2023.<\/p>\n<p>Beendet wurde die Jahreshauptversammlung 2023 mit den Schlussworten des Kommandanten HBI Gaggl Bernhard, welcher den Kameraden und G\u00e4sten alles Gute f\u00fcr das Jahr 2024 und stets eine gute Heimkehr bei den Diensten in der Feuerwehr w\u00fcnschte.<\/p>\n<p>\u00a0<\/p>\n<p><strong>GUT HEIL 2024<\/strong><\/p>\n\n<div class=\"pgc-sgb-cb wp-block-pgcsimplygalleryblock-slider \" data-gallery-id=\"cb165404\"style=&quot;min-height:400px&quot;><div class=\"sgb-preloader\" id=\"pr_cb165404\">\n\t<div class=\"sgb-square\" style=\"background:#d4d4d4\"><\/div>\n\t<div class=\"sgb-square\" style=\"background:#d4d4d4\"><\/div>\n\t<div class=\"sgb-square\" style=\"background:#d4d4d4\"><\/div>\n\t<div class=\"sgb-square\" style=\"background:#d4d4d4\"><\/div><\/div><div class=\"simply-gallery-amp pgc_sgb_slider \"><noscript><div class=\"sgb-gallery\"><div class=\"sgb-item\"><a href=\"https:\/\/feuerwehr-feistritz.at\/?attachment_id=3633\" target=\"_blank\"><img decoding=\"async\" alt=\"\" width=\"300\" height=\"225\" loading=\"lazy\" src=\"https:\/\/feuerwehr-feistritz.at\/wp-content\/uploads\/2024\/01\/IMG-20240107-WA0007-300x225.jpg\" srcset=\"https:\/\/feuerwehr-feistritz.at\/wp-content\/uploads\/2024\/01\/IMG-20240107-WA0007-300x225.jpg 300w,https:\/\/feuerwehr-feistritz.at\/wp-content\/uploads\/2024\/01\/IMG-20240107-WA0007-1024x768.jpg 1024w,https:\/\/feuerwehr-feistritz.at\/wp-content\/uploads\/2024\/01\/IMG-20240107-WA0007.jpg 2048w\" sizes=\"auto, 250px\"\/><\/a><\/div><div class=\"sgb-item\"><a href=\"https:\/\/feuerwehr-feistritz.at\/?attachment_id=3634\" target=\"_blank\"><img decoding=\"async\" alt=\"\" width=\"300\" height=\"225\" loading=\"lazy\" src=\"https:\/\/feuerwehr-feistritz.at\/wp-content\/uploads\/2024\/01\/IMG-20240107-WA0010-300x225.jpg\" srcset=\"https:\/\/feuerwehr-feistritz.at\/wp-content\/uploads\/2024\/01\/IMG-20240107-WA0010-300x225.jpg 300w,https:\/\/feuerwehr-feistritz.at\/wp-content\/uploads\/2024\/01\/IMG-20240107-WA0010-1024x768.jpg 1024w,https:\/\/feuerwehr-feistritz.at\/wp-content\/uploads\/2024\/01\/IMG-20240107-WA0010.jpg 2048w\" sizes=\"auto, 250px\"\/><\/a><\/div><div class=\"sgb-item\"><a href=\"https:\/\/feuerwehr-feistritz.at\/?attachment_id=3635\" target=\"_blank\"><img decoding=\"async\" alt=\"\" width=\"225\" height=\"300\" loading=\"lazy\" src=\"https:\/\/feuerwehr-feistritz.at\/wp-content\/uploads\/2024\/01\/IMG-20240107-WA0012-225x300.jpg\" srcset=\"https:\/\/feuerwehr-feistritz.at\/wp-content\/uploads\/2024\/01\/IMG-20240107-WA0012-225x300.jpg 225w,https:\/\/feuerwehr-feistritz.at\/wp-content\/uploads\/2024\/01\/IMG-20240107-WA0012-768x1024.jpg 768w,https:\/\/feuerwehr-feistritz.at\/wp-content\/uploads\/2024\/01\/IMG-20240107-WA0012.jpg 1536w\" sizes=\"auto, 250px\"\/><\/a><\/div><div class=\"sgb-item\"><a href=\"https:\/\/feuerwehr-feistritz.at\/?attachment_id=3636\" target=\"_blank\"><img decoding=\"async\" alt=\"\" width=\"300\" height=\"225\" loading=\"lazy\" src=\"https:\/\/feuerwehr-feistritz.at\/wp-content\/uploads\/2024\/01\/IMG-20240107-WA0013-300x225.jpg\" srcset=\"https:\/\/feuerwehr-feistritz.at\/wp-content\/uploads\/2024\/01\/IMG-20240107-WA0013-300x225.jpg 300w,https:\/\/feuerwehr-feistritz.at\/wp-content\/uploads\/2024\/01\/IMG-20240107-WA0013-1024x768.jpg 1024w,https:\/\/feuerwehr-feistritz.at\/wp-content\/uploads\/2024\/01\/IMG-20240107-WA0013.jpg 2048w\" sizes=\"auto, 250px\"\/><\/a><\/div><div class=\"sgb-item\"><a href=\"https:\/\/feuerwehr-feistritz.at\/?attachment_id=3637\" target=\"_blank\"><img decoding=\"async\" alt=\"\" width=\"225\" height=\"300\" loading=\"lazy\" src=\"https:\/\/feuerwehr-feistritz.at\/wp-content\/uploads\/2024\/01\/IMG-20240107-WA0014-225x300.jpg\" srcset=\"https:\/\/feuerwehr-feistritz.at\/wp-content\/uploads\/2024\/01\/IMG-20240107-WA0014-225x300.jpg 225w,https:\/\/feuerwehr-feistritz.at\/wp-content\/uploads\/2024\/01\/IMG-20240107-WA0014-768x1024.jpg 768w,https:\/\/feuerwehr-feistritz.at\/wp-content\/uploads\/2024\/01\/IMG-20240107-WA0014.jpg 1536w\" sizes=\"auto, 250px\"\/><\/a><\/div><div class=\"sgb-item\"><a href=\"https:\/\/feuerwehr-feistritz.at\/?attachment_id=3638\" target=\"_blank\"><img decoding=\"async\" alt=\"\" width=\"300\" height=\"225\" loading=\"lazy\" src=\"https:\/\/feuerwehr-feistritz.at\/wp-content\/uploads\/2024\/01\/IMG-20240107-WA0016-300x225.jpg\" srcset=\"https:\/\/feuerwehr-feistritz.at\/wp-content\/uploads\/2024\/01\/IMG-20240107-WA0016-300x225.jpg 300w,https:\/\/feuerwehr-feistritz.at\/wp-content\/uploads\/2024\/01\/IMG-20240107-WA0016-1024x768.jpg 1024w,https:\/\/feuerwehr-feistritz.at\/wp-content\/uploads\/2024\/01\/IMG-20240107-WA0016.jpg 2048w\" sizes=\"auto, 250px\"\/><\/a><\/div><div class=\"sgb-item\"><a href=\"https:\/\/feuerwehr-feistritz.at\/?attachment_id=3639\" target=\"_blank\"><img decoding=\"async\" alt=\"\" width=\"225\" height=\"300\" loading=\"lazy\" src=\"https:\/\/feuerwehr-feistritz.at\/wp-content\/uploads\/2024\/01\/IMG-20240107-WA0018-225x300.jpg\" srcset=\"https:\/\/feuerwehr-feistritz.at\/wp-content\/uploads\/2024\/01\/IMG-20240107-WA0018-225x300.jpg 225w,https:\/\/feuerwehr-feistritz.at\/wp-content\/uploads\/2024\/01\/IMG-20240107-WA0018-768x1024.jpg 768w,https:\/\/feuerwehr-feistritz.at\/wp-content\/uploads\/2024\/01\/IMG-20240107-WA0018.jpg 1536w\" sizes=\"auto, 250px\"\/><\/a><\/div><div class=\"sgb-item\"><a href=\"https:\/\/feuerwehr-feistritz.at\/?attachment_id=3640\" target=\"_blank\"><img decoding=\"async\" alt=\"\" width=\"225\" height=\"300\" loading=\"lazy\" src=\"https:\/\/feuerwehr-feistritz.at\/wp-content\/uploads\/2024\/01\/IMG-20240107-WA0019-225x300.jpg\" srcset=\"https:\/\/feuerwehr-feistritz.at\/wp-content\/uploads\/2024\/01\/IMG-20240107-WA0019-225x300.jpg 225w,https:\/\/feuerwehr-feistritz.at\/wp-content\/uploads\/2024\/01\/IMG-20240107-WA0019-768x1024.jpg 768w,https:\/\/feuerwehr-feistritz.at\/wp-content\/uploads\/2024\/01\/IMG-20240107-WA0019.jpg 1536w\" sizes=\"auto, 250px\"\/><\/a><\/div><div class=\"sgb-item\"><a href=\"https:\/\/feuerwehr-feistritz.at\/?attachment_id=3641\" target=\"_blank\"><img decoding=\"async\" alt=\"\" width=\"225\" height=\"300\" loading=\"lazy\" src=\"https:\/\/feuerwehr-feistritz.at\/wp-content\/uploads\/2024\/01\/IMG-20240107-WA0020-225x300.jpg\" srcset=\"https:\/\/feuerwehr-feistritz.at\/wp-content\/uploads\/2024\/01\/IMG-20240107-WA0020-225x300.jpg 225w,https:\/\/feuerwehr-feistritz.at\/wp-content\/uploads\/2024\/01\/IMG-20240107-WA0020-768x1024.jpg 768w,https:\/\/feuerwehr-feistritz.at\/wp-content\/uploads\/2024\/01\/IMG-20240107-WA0020.jpg 1536w\" sizes=\"auto, 250px\"\/><\/a><\/div><div class=\"sgb-item\"><a href=\"https:\/\/feuerwehr-feistritz.at\/?attachment_id=3642\" target=\"_blank\"><img decoding=\"async\" alt=\"\" width=\"225\" height=\"300\" loading=\"lazy\" src=\"https:\/\/feuerwehr-feistritz.at\/wp-content\/uploads\/2024\/01\/IMG-20240107-WA0022-225x300.jpg\" srcset=\"https:\/\/feuerwehr-feistritz.at\/wp-content\/uploads\/2024\/01\/IMG-20240107-WA0022-225x300.jpg 225w,https:\/\/feuerwehr-feistritz.at\/wp-content\/uploads\/2024\/01\/IMG-20240107-WA0022-768x1024.jpg 768w,https:\/\/feuerwehr-feistritz.at\/wp-content\/uploads\/2024\/01\/IMG-20240107-WA0022.jpg 1536w\" sizes=\"auto, 250px\"\/><\/a><\/div><div class=\"sgb-item\"><a href=\"https:\/\/feuerwehr-feistritz.at\/?attachment_id=3643\" target=\"_blank\"><img decoding=\"async\" alt=\"\" width=\"225\" height=\"300\" loading=\"lazy\" src=\"https:\/\/feuerwehr-feistritz.at\/wp-content\/uploads\/2024\/01\/IMG-20240107-WA0025-225x300.jpg\" srcset=\"https:\/\/feuerwehr-feistritz.at\/wp-content\/uploads\/2024\/01\/IMG-20240107-WA0025-225x300.jpg 225w,https:\/\/feuerwehr-feistritz.at\/wp-content\/uploads\/2024\/01\/IMG-20240107-WA0025-768x1024.jpg 768w,https:\/\/feuerwehr-feistritz.at\/wp-content\/uploads\/2024\/01\/IMG-20240107-WA0025.jpg 1536w\" sizes=\"auto, 250px\"\/><\/a><\/div><\/div><\/noscript><\/div><script type=\"application\/json\" class=\"sgb-data\">{\"sliderAdminWidth\":840,\"galleryType\":\"pgc_sgb_slider\",\"galleryId\":\"cb165404\",\"images\":[{\"id\":3633,\"title\":\"IMG-20240107-WA0007\",\"url\":\"https:\/\/feuerwehr-feistritz.at\/wp-content\/uploads\/2024\/01\/IMG-20240107-WA0007.jpg\",\"link\":\"https:\/\/feuerwehr-feistritz.at\/?attachment_id=3633\",\"alt\":\"\",\"description\":\"\",\"caption\":\"\",\"mime\":\"image\/jpeg\",\"type\":\"image\",\"width\":2048,\"height\":1536,\"sizes\":{\"thumbnail\":{\"height\":150,\"width\":150,\"url\":\"https:\/\/feuerwehr-feistritz.at\/wp-content\/uploads\/2024\/01\/IMG-20240107-WA0007-150x150.jpg\",\"orientation\":\"landscape\"},\"medium\":{\"height\":225,\"width\":300,\"url\":\"https:\/\/feuerwehr-feistritz.at\/wp-content\/uploads\/2024\/01\/IMG-20240107-WA0007-300x225.jpg\",\"orientation\":\"landscape\"},\"large\":{\"height\":768,\"width\":1024,\"url\":\"https:\/\/feuerwehr-feistritz.at\/wp-content\/uploads\/2024\/01\/IMG-20240107-WA0007-1024x768.jpg\",\"orientation\":\"landscape\"},\"full\":{\"url\":\"https:\/\/feuerwehr-feistritz.at\/wp-content\/uploads\/2024\/01\/IMG-20240107-WA0007.jpg\",\"height\":1536,\"width\":2048,\"orientation\":\"landscape\"}},\"imageMeta\":{\"aperture\":\"0\",\"credit\":\"\",\"camera\":\"\",\"caption\":\"\",\"created_timestamp\":\"0\",\"copyright\":\"\",\"focal_length\":\"0\",\"iso\":\"0\",\"shutter_speed\":\"0\",\"title\":\"\",\"orientation\":\"0\",\"keywords\":[]},\"meta\":false,\"postlink\":\"https:\/\/feuerwehr-feistritz.at\/?attachment_id=3633\"},{\"id\":3634,\"title\":\"IMG-20240107-WA0010\",\"url\":\"https:\/\/feuerwehr-feistritz.at\/wp-content\/uploads\/2024\/01\/IMG-20240107-WA0010.jpg\",\"link\":\"https:\/\/feuerwehr-feistritz.at\/?attachment_id=3634\",\"alt\":\"\",\"description\":\"\",\"caption\":\"\",\"mime\":\"image\/jpeg\",\"type\":\"image\",\"width\":2048,\"height\":1536,\"sizes\":{\"thumbnail\":{\"height\":150,\"width\":150,\"url\":\"https:\/\/feuerwehr-feistritz.at\/wp-content\/uploads\/2024\/01\/IMG-20240107-WA0010-150x150.jpg\",\"orientation\":\"landscape\"},\"medium\":{\"height\":225,\"width\":300,\"url\":\"https:\/\/feuerwehr-feistritz.at\/wp-content\/uploads\/2024\/01\/IMG-20240107-WA0010-300x225.jpg\",\"orientation\":\"landscape\"},\"large\":{\"height\":768,\"width\":1024,\"url\":\"https:\/\/feuerwehr-feistritz.at\/wp-content\/uploads\/2024\/01\/IMG-20240107-WA0010-1024x768.jpg\",\"orientation\":\"landscape\"},\"full\":{\"url\":\"https:\/\/feuerwehr-feistritz.at\/wp-content\/uploads\/2024\/01\/IMG-20240107-WA0010.jpg\",\"height\":1536,\"width\":2048,\"orientation\":\"landscape\"}},\"imageMeta\":{\"aperture\":\"0\",\"credit\":\"\",\"camera\":\"\",\"caption\":\"\",\"created_timestamp\":\"0\",\"copyright\":\"\",\"focal_length\":\"0\",\"iso\":\"0\",\"shutter_speed\":\"0\",\"title\":\"\",\"orientation\":\"0\",\"keywords\":[]},\"meta\":false,\"postlink\":\"https:\/\/feuerwehr-feistritz.at\/?attachment_id=3634\"},{\"id\":3635,\"title\":\"IMG-20240107-WA0012\",\"url\":\"https:\/\/feuerwehr-feistritz.at\/wp-content\/uploads\/2024\/01\/IMG-20240107-WA0012.jpg\",\"link\":\"https:\/\/feuerwehr-feistritz.at\/?attachment_id=3635\",\"alt\":\"\",\"description\":\"\",\"caption\":\"\",\"mime\":\"image\/jpeg\",\"type\":\"image\",\"width\":1536,\"height\":2048,\"sizes\":{\"thumbnail\":{\"height\":150,\"width\":150,\"url\":\"https:\/\/feuerwehr-feistritz.at\/wp-content\/uploads\/2024\/01\/IMG-20240107-WA0012-150x150.jpg\",\"orientation\":\"landscape\"},\"medium\":{\"height\":300,\"width\":225,\"url\":\"https:\/\/feuerwehr-feistritz.at\/wp-content\/uploads\/2024\/01\/IMG-20240107-WA0012-225x300.jpg\",\"orientation\":\"portrait\"},\"large\":{\"height\":1024,\"width\":768,\"url\":\"https:\/\/feuerwehr-feistritz.at\/wp-content\/uploads\/2024\/01\/IMG-20240107-WA0012-768x1024.jpg\",\"orientation\":\"portrait\"},\"full\":{\"url\":\"https:\/\/feuerwehr-feistritz.at\/wp-content\/uploads\/2024\/01\/IMG-20240107-WA0012.jpg\",\"height\":2048,\"width\":1536,\"orientation\":\"portrait\"}},\"imageMeta\":{\"aperture\":\"0\",\"credit\":\"\",\"camera\":\"\",\"caption\":\"\",\"created_timestamp\":\"0\",\"copyright\":\"\",\"focal_length\":\"0\",\"iso\":\"0\",\"shutter_speed\":\"0\",\"title\":\"\",\"orientation\":\"0\",\"keywords\":[]},\"meta\":false,\"postlink\":\"https:\/\/feuerwehr-feistritz.at\/?attachment_id=3635\"},{\"id\":3636,\"title\":\"IMG-20240107-WA0013\",\"url\":\"https:\/\/feuerwehr-feistritz.at\/wp-content\/uploads\/2024\/01\/IMG-20240107-WA0013.jpg\",\"link\":\"https:\/\/feuerwehr-feistritz.at\/?attachment_id=3636\",\"alt\":\"\",\"description\":\"\",\"caption\":\"\",\"mime\":\"image\/jpeg\",\"type\":\"image\",\"width\":2048,\"height\":1536,\"sizes\":{\"thumbnail\":{\"height\":150,\"width\":150,\"url\":\"https:\/\/feuerwehr-feistritz.at\/wp-content\/uploads\/2024\/01\/IMG-20240107-WA0013-150x150.jpg\",\"orientation\":\"landscape\"},\"medium\":{\"height\":225,\"width\":300,\"url\":\"https:\/\/feuerwehr-feistritz.at\/wp-content\/uploads\/2024\/01\/IMG-20240107-WA0013-300x225.jpg\",\"orientation\":\"landscape\"},\"large\":{\"height\":768,\"width\":1024,\"url\":\"https:\/\/feuerwehr-feistritz.at\/wp-content\/uploads\/2024\/01\/IMG-20240107-WA0013-1024x768.jpg\",\"orientation\":\"landscape\"},\"full\":{\"url\":\"https:\/\/feuerwehr-feistritz.at\/wp-content\/uploads\/2024\/01\/IMG-20240107-WA0013.jpg\",\"height\":1536,\"width\":2048,\"orientation\":\"landscape\"}},\"imageMeta\":{\"aperture\":\"0\",\"credit\":\"\",\"camera\":\"\",\"caption\":\"\",\"created_timestamp\":\"0\",\"copyright\":\"\",\"focal_length\":\"0\",\"iso\":\"0\",\"shutter_speed\":\"0\",\"title\":\"\",\"orientation\":\"0\",\"keywords\":[]},\"meta\":false,\"postlink\":\"https:\/\/feuerwehr-feistritz.at\/?attachment_id=3636\"},{\"id\":3637,\"title\":\"IMG-20240107-WA0014\",\"url\":\"https:\/\/feuerwehr-feistritz.at\/wp-content\/uploads\/2024\/01\/IMG-20240107-WA0014.jpg\",\"link\":\"https:\/\/feuerwehr-feistritz.at\/?attachment_id=3637\",\"alt\":\"\",\"description\":\"\",\"caption\":\"\",\"mime\":\"image\/jpeg\",\"type\":\"image\",\"width\":1536,\"height\":2048,\"sizes\":{\"thumbnail\":{\"height\":150,\"width\":150,\"url\":\"https:\/\/feuerwehr-feistritz.at\/wp-content\/uploads\/2024\/01\/IMG-20240107-WA0014-150x150.jpg\",\"orientation\":\"landscape\"},\"medium\":{\"height\":300,\"width\":225,\"url\":\"https:\/\/feuerwehr-feistritz.at\/wp-content\/uploads\/2024\/01\/IMG-20240107-WA0014-225x300.jpg\",\"orientation\":\"portrait\"},\"large\":{\"height\":1024,\"width\":768,\"url\":\"https:\/\/feuerwehr-feistritz.at\/wp-content\/uploads\/2024\/01\/IMG-20240107-WA0014-768x1024.jpg\",\"orientation\":\"portrait\"},\"full\":{\"url\":\"https:\/\/feuerwehr-feistritz.at\/wp-content\/uploads\/2024\/01\/IMG-20240107-WA0014.jpg\",\"height\":2048,\"width\":1536,\"orientation\":\"portrait\"}},\"imageMeta\":{\"aperture\":\"0\",\"credit\":\"\",\"camera\":\"\",\"caption\":\"\",\"created_timestamp\":\"0\",\"copyright\":\"\",\"focal_length\":\"0\",\"iso\":\"0\",\"shutter_speed\":\"0\",\"title\":\"\",\"orientation\":\"0\",\"keywords\":[]},\"meta\":false,\"postlink\":\"https:\/\/feuerwehr-feistritz.at\/?attachment_id=3637\"},{\"id\":3638,\"title\":\"IMG-20240107-WA0016\",\"url\":\"https:\/\/feuerwehr-feistritz.at\/wp-content\/uploads\/2024\/01\/IMG-20240107-WA0016.jpg\",\"link\":\"https:\/\/feuerwehr-feistritz.at\/?attachment_id=3638\",\"alt\":\"\",\"description\":\"\",\"caption\":\"\",\"mime\":\"image\/jpeg\",\"type\":\"image\",\"width\":2048,\"height\":1536,\"sizes\":{\"thumbnail\":{\"height\":150,\"width\":150,\"url\":\"https:\/\/feuerwehr-feistritz.at\/wp-content\/uploads\/2024\/01\/IMG-20240107-WA0016-150x150.jpg\",\"orientation\":\"landscape\"},\"medium\":{\"height\":225,\"width\":300,\"url\":\"https:\/\/feuerwehr-feistritz.at\/wp-content\/uploads\/2024\/01\/IMG-20240107-WA0016-300x225.jpg\",\"orientation\":\"landscape\"},\"large\":{\"height\":768,\"width\":1024,\"url\":\"https:\/\/feuerwehr-feistritz.at\/wp-content\/uploads\/2024\/01\/IMG-20240107-WA0016-1024x768.jpg\",\"orientation\":\"landscape\"},\"full\":{\"url\":\"https:\/\/feuerwehr-feistritz.at\/wp-content\/uploads\/2024\/01\/IMG-20240107-WA0016.jpg\",\"height\":1536,\"width\":2048,\"orientation\":\"landscape\"}},\"imageMeta\":{\"aperture\":\"0\",\"credit\":\"\",\"camera\":\"\",\"caption\":\"\",\"created_timestamp\":\"0\",\"copyright\":\"\",\"focal_length\":\"0\",\"iso\":\"0\",\"shutter_speed\":\"0\",\"title\":\"\",\"orientation\":\"0\",\"keywords\":[]},\"meta\":false,\"postlink\":\"https:\/\/feuerwehr-feistritz.at\/?attachment_id=3638\"},{\"id\":3639,\"title\":\"IMG-20240107-WA0018\",\"url\":\"https:\/\/feuerwehr-feistritz.at\/wp-content\/uploads\/2024\/01\/IMG-20240107-WA0018.jpg\",\"link\":\"https:\/\/feuerwehr-feistritz.at\/?attachment_id=3639\",\"alt\":\"\",\"description\":\"\",\"caption\":\"\",\"mime\":\"image\/jpeg\",\"type\":\"image\",\"width\":1536,\"height\":2048,\"sizes\":{\"thumbnail\":{\"height\":150,\"width\":150,\"url\":\"https:\/\/feuerwehr-feistritz.at\/wp-content\/uploads\/2024\/01\/IMG-20240107-WA0018-150x150.jpg\",\"orientation\":\"landscape\"},\"medium\":{\"height\":300,\"width\":225,\"url\":\"https:\/\/feuerwehr-feistritz.at\/wp-content\/uploads\/2024\/01\/IMG-20240107-WA0018-225x300.jpg\",\"orientation\":\"portrait\"},\"large\":{\"height\":1024,\"width\":768,\"url\":\"https:\/\/feuerwehr-feistritz.at\/wp-content\/uploads\/2024\/01\/IMG-20240107-WA0018-768x1024.jpg\",\"orientation\":\"portrait\"},\"full\":{\"url\":\"https:\/\/feuerwehr-feistritz.at\/wp-content\/uploads\/2024\/01\/IMG-20240107-WA0018.jpg\",\"height\":2048,\"width\":1536,\"orientation\":\"portrait\"}},\"imageMeta\":{\"aperture\":\"0\",\"credit\":\"\",\"camera\":\"\",\"caption\":\"\",\"created_timestamp\":\"0\",\"copyright\":\"\",\"focal_length\":\"0\",\"iso\":\"0\",\"shutter_speed\":\"0\",\"title\":\"\",\"orientation\":\"0\",\"keywords\":[]},\"meta\":false,\"postlink\":\"https:\/\/feuerwehr-feistritz.at\/?attachment_id=3639\"},{\"id\":3640,\"title\":\"IMG-20240107-WA0019\",\"url\":\"https:\/\/feuerwehr-feistritz.at\/wp-content\/uploads\/2024\/01\/IMG-20240107-WA0019.jpg\",\"link\":\"https:\/\/feuerwehr-feistritz.at\/?attachment_id=3640\",\"alt\":\"\",\"description\":\"\",\"caption\":\"\",\"mime\":\"image\/jpeg\",\"type\":\"image\",\"width\":1536,\"height\":2048,\"sizes\":{\"thumbnail\":{\"height\":150,\"width\":150,\"url\":\"https:\/\/feuerwehr-feistritz.at\/wp-content\/uploads\/2024\/01\/IMG-20240107-WA0019-150x150.jpg\",\"orientation\":\"landscape\"},\"medium\":{\"height\":300,\"width\":225,\"url\":\"https:\/\/feuerwehr-feistritz.at\/wp-content\/uploads\/2024\/01\/IMG-20240107-WA0019-225x300.jpg\",\"orientation\":\"portrait\"},\"large\":{\"height\":1024,\"width\":768,\"url\":\"https:\/\/feuerwehr-feistritz.at\/wp-content\/uploads\/2024\/01\/IMG-20240107-WA0019-768x1024.jpg\",\"orientation\":\"portrait\"},\"full\":{\"url\":\"https:\/\/feuerwehr-feistritz.at\/wp-content\/uploads\/2024\/01\/IMG-20240107-WA0019.jpg\",\"height\":2048,\"width\":1536,\"orientation\":\"portrait\"}},\"imageMeta\":{\"aperture\":\"0\",\"credit\":\"\",\"camera\":\"\",\"caption\":\"\",\"created_timestamp\":\"0\",\"copyright\":\"\",\"focal_length\":\"0\",\"iso\":\"0\",\"shutter_speed\":\"0\",\"title\":\"\",\"orientation\":\"0\",\"keywords\":[]},\"meta\":false,\"postlink\":\"https:\/\/feuerwehr-feistritz.at\/?attachment_id=3640\"},{\"id\":3641,\"title\":\"IMG-20240107-WA0020\",\"url\":\"https:\/\/feuerwehr-feistritz.at\/wp-content\/uploads\/2024\/01\/IMG-20240107-WA0020.jpg\",\"link\":\"https:\/\/feuerwehr-feistritz.at\/?attachment_id=3641\",\"alt\":\"\",\"description\":\"\",\"caption\":\"\",\"mime\":\"image\/jpeg\",\"type\":\"image\",\"width\":1536,\"height\":2048,\"sizes\":{\"thumbnail\":{\"height\":150,\"width\":150,\"url\":\"https:\/\/feuerwehr-feistritz.at\/wp-content\/uploads\/2024\/01\/IMG-20240107-WA0020-150x150.jpg\",\"orientation\":\"landscape\"},\"medium\":{\"height\":300,\"width\":225,\"url\":\"https:\/\/feuerwehr-feistritz.at\/wp-content\/uploads\/2024\/01\/IMG-20240107-WA0020-225x300.jpg\",\"orientation\":\"portrait\"},\"large\":{\"height\":1024,\"width\":768,\"url\":\"https:\/\/feuerwehr-feistritz.at\/wp-content\/uploads\/2024\/01\/IMG-20240107-WA0020-768x1024.jpg\",\"orientation\":\"portrait\"},\"full\":{\"url\":\"https:\/\/feuerwehr-feistritz.at\/wp-content\/uploads\/2024\/01\/IMG-20240107-WA0020.jpg\",\"height\":2048,\"width\":1536,\"orientation\":\"portrait\"}},\"imageMeta\":{\"aperture\":\"0\",\"credit\":\"\",\"camera\":\"\",\"caption\":\"\",\"created_timestamp\":\"0\",\"copyright\":\"\",\"focal_length\":\"0\",\"iso\":\"0\",\"shutter_speed\":\"0\",\"title\":\"\",\"orientation\":\"0\",\"keywords\":[]},\"meta\":false,\"postlink\":\"https:\/\/feuerwehr-feistritz.at\/?attachment_id=3641\"},{\"id\":3642,\"title\":\"IMG-20240107-WA0022\",\"url\":\"https:\/\/feuerwehr-feistritz.at\/wp-content\/uploads\/2024\/01\/IMG-20240107-WA0022.jpg\",\"link\":\"https:\/\/feuerwehr-feistritz.at\/?attachment_id=3642\",\"alt\":\"\",\"description\":\"\",\"caption\":\"\",\"mime\":\"image\/jpeg\",\"type\":\"image\",\"width\":1536,\"height\":2048,\"sizes\":{\"thumbnail\":{\"height\":150,\"width\":150,\"url\":\"https:\/\/feuerwehr-feistritz.at\/wp-content\/uploads\/2024\/01\/IMG-20240107-WA0022-150x150.jpg\",\"orientation\":\"landscape\"},\"medium\":{\"height\":300,\"width\":225,\"url\":\"https:\/\/feuerwehr-feistritz.at\/wp-content\/uploads\/2024\/01\/IMG-20240107-WA0022-225x300.jpg\",\"orientation\":\"portrait\"},\"large\":{\"height\":1024,\"width\":768,\"url\":\"https:\/\/feuerwehr-feistritz.at\/wp-content\/uploads\/2024\/01\/IMG-20240107-WA0022-768x1024.jpg\",\"orientation\":\"portrait\"},\"full\":{\"url\":\"https:\/\/feuerwehr-feistritz.at\/wp-content\/uploads\/2024\/01\/IMG-20240107-WA0022.jpg\",\"height\":2048,\"width\":1536,\"orientation\":\"portrait\"}},\"imageMeta\":{\"aperture\":\"0\",\"credit\":\"\",\"camera\":\"\",\"caption\":\"\",\"created_timestamp\":\"0\",\"copyright\":\"\",\"focal_length\":\"0\",\"iso\":\"0\",\"shutter_speed\":\"0\",\"title\":\"\",\"orientation\":\"0\",\"keywords\":[]},\"meta\":false,\"postlink\":\"https:\/\/feuerwehr-feistritz.at\/?attachment_id=3642\"},{\"id\":3643,\"title\":\"IMG-20240107-WA0025\",\"url\":\"https:\/\/feuerwehr-feistritz.at\/wp-content\/uploads\/2024\/01\/IMG-20240107-WA0025.jpg\",\"link\":\"https:\/\/feuerwehr-feistritz.at\/?attachment_id=3643\",\"alt\":\"\",\"description\":\"\",\"caption\":\"\",\"mime\":\"image\/jpeg\",\"type\":\"image\",\"width\":1536,\"height\":2048,\"sizes\":{\"thumbnail\":{\"height\":150,\"width\":150,\"url\":\"https:\/\/feuerwehr-feistritz.at\/wp-content\/uploads\/2024\/01\/IMG-20240107-WA0025-150x150.jpg\",\"orientation\":\"landscape\"},\"medium\":{\"height\":300,\"width\":225,\"url\":\"https:\/\/feuerwehr-feistritz.at\/wp-content\/uploads\/2024\/01\/IMG-20240107-WA0025-225x300.jpg\",\"orientation\":\"portrait\"},\"large\":{\"height\":1024,\"width\":768,\"url\":\"https:\/\/feuerwehr-feistritz.at\/wp-content\/uploads\/2024\/01\/IMG-20240107-WA0025-768x1024.jpg\",\"orientation\":\"portrait\"},\"full\":{\"url\":\"https:\/\/feuerwehr-feistritz.at\/wp-content\/uploads\/2024\/01\/IMG-20240107-WA0025.jpg\",\"height\":2048,\"width\":1536,\"orientation\":\"portrait\"}},\"imageMeta\":{\"aperture\":\"0\",\"credit\":\"\",\"camera\":\"\",\"caption\":\"\",\"created_timestamp\":\"0\",\"copyright\":\"\",\"focal_length\":\"0\",\"iso\":\"0\",\"shutter_speed\":\"0\",\"title\":\"\",\"orientation\":\"0\",\"keywords\":[]},\"meta\":false,\"postlink\":\"https:\/\/feuerwehr-feistritz.at\/?attachment_id=3643\"}],\"itemsMetaDataCollection\":[]}<\/script><script>(function(){if(window.PGC_SGB && window.PGC_SGB.searcher){window.PGC_SGB.searcher.initBlocks()}})()<\/script><\/div>","protected":false},"excerpt":{"rendered":"<p>Am Freitag, dem 05. J\u00e4nner 2023 fand in den R\u00e4umlichkeiten [&hellip;]<\/p>\n","protected":false},"author":2,"featured_media":3644,"comment_status":"closed","ping_status":"open","sticky":false,"template":"","format":"standard","meta":{"pgc_sgb_lightbox_settings":"","footnotes":""},"categories":[7],"tags":[],"class_list":["post-3632","post","type-post","status-publish","format-standard","has-post-thumbnail","hentry","category-allgemeines","col-md-4 col-sm-4"],"_links":{"self":[{"href":"https:\/\/feuerwehr-feistritz.at\/index.php\/wp-json\/wp\/v2\/posts\/3632","targetHints":{"allow":["GET"]}}],"collection":[{"href":"https:\/\/feuerwehr-feistritz.at\/index.php\/wp-json\/wp\/v2\/posts"}],"about":[{"href":"https:\/\/feuerwehr-feistritz.at\/index.php\/wp-json\/wp\/v2\/types\/post"}],"author":[{"embeddable":true,"href":"https:\/\/feuerwehr-feistritz.at\/index.php\/wp-json\/wp\/v2\/users\/2"}],"replies":[{"embeddable":true,"href":"https:\/\/feuerwehr-feistritz.at\/index.php\/wp-json\/wp\/v2\/comments?post=3632"}],"version-history":[{"count":1,"href":"https:\/\/feuerwehr-feistritz.at\/index.php\/wp-json\/wp\/v2\/posts\/3632\/revisions"}],"predecessor-version":[{"id":3645,"href":"https:\/\/feuerwehr-feistritz.at\/index.php\/wp-json\/wp\/v2\/posts\/3632\/revisions\/3645"}],"wp:featuredmedia":[{"embeddable":true,"href":"https:\/\/feuerwehr-feistritz.at\/index.php\/wp-json\/wp\/v2\/media\/3644"}],"wp:attachment":[{"href":"https:\/\/feuerwehr-feistritz.at\/index.php\/wp-json\/wp\/v2\/media?parent=3632"}],"wp:term":[{"taxonomy":"category","embeddable":true,"href":"https:\/\/feuerwehr-feistritz.at\/index.php\/wp-json\/wp\/v2\/categories?post=3632"},{"taxonomy":"post_tag","embeddable":true,"href":"https:\/\/feuerwehr-feistritz.at\/index.php\/wp-json\/wp\/v2\/tags?post=3632"}],"curies":[{"name":"wp","href":"https:\/\/api.w.org\/{rel}","templated":true}]}}