{"id":4757,"date":"2024-07-01T17:55:36","date_gmt":"2024-07-01T16:55:36","guid":{"rendered":"https:\/\/feuerwehr-feistritz.at\/?p=4757"},"modified":"2024-07-01T17:55:41","modified_gmt":"2024-07-01T16:55:41","slug":"verkauf-rlf-a-2000","status":"publish","type":"post","link":"https:\/\/feuerwehr-feistritz.at\/index.php\/2024\/07\/01\/verkauf-rlf-a-2000\/","title":{"rendered":"VERKAUF: RLF-A 2000"},"content":{"rendered":"<p style=\"text-align: center;\">Die Marktgemeinde Paternion verkauft aufgrund eines altersbedingten Austausches<br \/>ein RLFA-2000 der Fa. Rosenbauer mit 2000 Liter Wassertank und Einbaupumpe,<br \/>zwei Hochdruckhaspeln, sowie eingebautem Lichtmast.<\/p>\n<p><br \/>TECHNISCHE DATEN:<\/p>\n<p><br \/>\uf0a7 Fahrgestell: Steyr<br \/>\uf0a7 Type: 13S23 4\u00d74<br \/>\uf0a7 Leistung: 171 kW \/ 232PS<br \/>\uf0a7 Hubraum\/Zylinder: 6595cm\u00b3 \/ 6<br \/>\uf0a7 Radstand: 3700 mm<br \/>\uf0a7 Getriebeart: 9 Gang Schaltgetriebe<br \/>\uf0a7 Eigengewicht: 7965 kg<br \/>\uf0a7 H\u00f6chstzul\u00e4ssiges Gesamtgewicht: 13.100 kg<br \/>\uf0a7 L\u00e4nge\/Breite\/H\u00f6he: 7100 mm \/ 2500 mm \/ 3250 mm<br \/>\uf0a7 Mannschaft: 1 : 8<br \/>\uf0a7 Erstzulassung: 01.07.1991<br \/>\uf0a7 Aufbauhersteller: Rosenbauer<br \/>\uf0a7 \u00dcberpr\u00fcfungsplakette: wei\u00df, g\u00fcltig bis 07.2025<br \/>\uf0a7 Kilometerstand: ca. 22 800 km (Stand 07.2024)<\/p>\n<p style=\"text-align: center;\">Der Verkauf ist grunds\u00e4tzlich ohne Feuerwehrausr\u00fcstung, k\u00f6nnte aber teilweise im<br \/>Fahrzeug bleiben.<\/p>\n<h2 style=\"text-align: center;\">VP: 15.000 \u20ac<\/h2>\n<p style=\"text-align: center;\"><br \/>Das Fahrzeug w\u00e4re ab ca. Oktober 2024 verf\u00fcgbar, Besichtigungen sind jederzeit<br \/>m\u00f6glich.<\/p>\n<p>\u00a0<\/p>\n<p style=\"text-align: left;\"><br \/>Kontakt:<br \/>HBI Gaggl Bernhard<br \/>Tel.: +43680\/1182961<br \/>Mail: bernhard.gaggl@feuerwehr-ktn.at<\/p>\n<p>\u00a0<\/p>\n\n<div class=\"pgc-sgb-cb wp-block-pgcsimplygalleryblock-slider \" data-gallery-id=\"e8689682\"style=&quot;min-height:400px&quot;><div class=\"sgb-preloader\" id=\"pr_e8689682\">\n\t<div class=\"sgb-square\" style=\"background:#d4d4d4\"><\/div>\n\t<div class=\"sgb-square\" style=\"background:#d4d4d4\"><\/div>\n\t<div class=\"sgb-square\" style=\"background:#d4d4d4\"><\/div>\n\t<div class=\"sgb-square\" style=\"background:#d4d4d4\"><\/div><\/div><div class=\"simply-gallery-amp pgc_sgb_slider \"><noscript><div class=\"sgb-gallery\"><div class=\"sgb-item\"><a href=\"https:\/\/feuerwehr-feistritz.at\/?attachment_id=4758\" target=\"_blank\"><img decoding=\"async\" alt=\"\" width=\"300\" height=\"169\" loading=\"lazy\" src=\"https:\/\/feuerwehr-feistritz.at\/wp-content\/uploads\/2024\/07\/IMG-20240701-WA0007-300x169.jpg\" srcset=\"https:\/\/feuerwehr-feistritz.at\/wp-content\/uploads\/2024\/07\/IMG-20240701-WA0007-300x169.jpg 300w,https:\/\/feuerwehr-feistritz.at\/wp-content\/uploads\/2024\/07\/IMG-20240701-WA0007-1024x576.jpg 1024w,https:\/\/feuerwehr-feistritz.at\/wp-content\/uploads\/2024\/07\/IMG-20240701-WA0007.jpg 1600w\" sizes=\"auto, 250px\"\/><\/a><\/div><div class=\"sgb-item\"><a href=\"https:\/\/feuerwehr-feistritz.at\/?attachment_id=4759\" target=\"_blank\"><img decoding=\"async\" alt=\"\" width=\"300\" height=\"169\" loading=\"lazy\" src=\"https:\/\/feuerwehr-feistritz.at\/wp-content\/uploads\/2024\/07\/IMG-20240701-WA0008-300x169.jpg\" srcset=\"https:\/\/feuerwehr-feistritz.at\/wp-content\/uploads\/2024\/07\/IMG-20240701-WA0008-300x169.jpg 300w,https:\/\/feuerwehr-feistritz.at\/wp-content\/uploads\/2024\/07\/IMG-20240701-WA0008-1024x576.jpg 1024w,https:\/\/feuerwehr-feistritz.at\/wp-content\/uploads\/2024\/07\/IMG-20240701-WA0008.jpg 1600w\" sizes=\"auto, 250px\"\/><\/a><\/div><div class=\"sgb-item\"><a href=\"https:\/\/feuerwehr-feistritz.at\/?attachment_id=4760\" target=\"_blank\"><img decoding=\"async\" alt=\"\" width=\"169\" height=\"300\" loading=\"lazy\" src=\"https:\/\/feuerwehr-feistritz.at\/wp-content\/uploads\/2024\/07\/IMG-20240701-WA0002-169x300.jpg\" srcset=\"https:\/\/feuerwehr-feistritz.at\/wp-content\/uploads\/2024\/07\/IMG-20240701-WA0002-169x300.jpg 169w,https:\/\/feuerwehr-feistritz.at\/wp-content\/uploads\/2024\/07\/IMG-20240701-WA0002-576x1024.jpg 576w,https:\/\/feuerwehr-feistritz.at\/wp-content\/uploads\/2024\/07\/IMG-20240701-WA0002.jpg 900w\" sizes=\"auto, 250px\"\/><\/a><\/div><div class=\"sgb-item\"><a href=\"https:\/\/feuerwehr-feistritz.at\/?attachment_id=4761\" target=\"_blank\"><img decoding=\"async\" alt=\"\" width=\"300\" height=\"169\" loading=\"lazy\" src=\"https:\/\/feuerwehr-feistritz.at\/wp-content\/uploads\/2024\/07\/IMG-20240701-WA0003-300x169.jpg\" srcset=\"https:\/\/feuerwehr-feistritz.at\/wp-content\/uploads\/2024\/07\/IMG-20240701-WA0003-300x169.jpg 300w,https:\/\/feuerwehr-feistritz.at\/wp-content\/uploads\/2024\/07\/IMG-20240701-WA0003-1024x576.jpg 1024w,https:\/\/feuerwehr-feistritz.at\/wp-content\/uploads\/2024\/07\/IMG-20240701-WA0003.jpg 1600w\" sizes=\"auto, 250px\"\/><\/a><\/div><div class=\"sgb-item\"><a href=\"https:\/\/feuerwehr-feistritz.at\/?attachment_id=4762\" target=\"_blank\"><img decoding=\"async\" alt=\"\" width=\"300\" height=\"169\" loading=\"lazy\" src=\"https:\/\/feuerwehr-feistritz.at\/wp-content\/uploads\/2024\/07\/IMG-20240701-WA0004-300x169.jpg\" srcset=\"https:\/\/feuerwehr-feistritz.at\/wp-content\/uploads\/2024\/07\/IMG-20240701-WA0004-300x169.jpg 300w,https:\/\/feuerwehr-feistritz.at\/wp-content\/uploads\/2024\/07\/IMG-20240701-WA0004-1024x576.jpg 1024w,https:\/\/feuerwehr-feistritz.at\/wp-content\/uploads\/2024\/07\/IMG-20240701-WA0004.jpg 1600w\" sizes=\"auto, 250px\"\/><\/a><\/div><div class=\"sgb-item\"><a href=\"https:\/\/feuerwehr-feistritz.at\/?attachment_id=4763\" target=\"_blank\"><img decoding=\"async\" alt=\"\" width=\"300\" height=\"169\" loading=\"lazy\" src=\"https:\/\/feuerwehr-feistritz.at\/wp-content\/uploads\/2024\/07\/IMG-20240701-WA0005-300x169.jpg\" srcset=\"https:\/\/feuerwehr-feistritz.at\/wp-content\/uploads\/2024\/07\/IMG-20240701-WA0005-300x169.jpg 300w,https:\/\/feuerwehr-feistritz.at\/wp-content\/uploads\/2024\/07\/IMG-20240701-WA0005-1024x576.jpg 1024w,https:\/\/feuerwehr-feistritz.at\/wp-content\/uploads\/2024\/07\/IMG-20240701-WA0005.jpg 1600w\" sizes=\"auto, 250px\"\/><\/a><\/div><div class=\"sgb-item\"><a href=\"https:\/\/feuerwehr-feistritz.at\/?attachment_id=4764\" target=\"_blank\"><img decoding=\"async\" alt=\"\" width=\"300\" height=\"169\" loading=\"lazy\" src=\"https:\/\/feuerwehr-feistritz.at\/wp-content\/uploads\/2024\/07\/IMG-20240701-WA0006-300x169.jpg\" srcset=\"https:\/\/feuerwehr-feistritz.at\/wp-content\/uploads\/2024\/07\/IMG-20240701-WA0006-300x169.jpg 300w,https:\/\/feuerwehr-feistritz.at\/wp-content\/uploads\/2024\/07\/IMG-20240701-WA0006-1024x576.jpg 1024w,https:\/\/feuerwehr-feistritz.at\/wp-content\/uploads\/2024\/07\/IMG-20240701-WA0006.jpg 1600w\" sizes=\"auto, 250px\"\/><\/a><\/div><\/div><\/noscript><\/div><script type=\"application\/json\" class=\"sgb-data\">{\"sliderAdminWidth\":840,\"galleryType\":\"pgc_sgb_slider\",\"galleryId\":\"e8689682\",\"images\":[{\"id\":4758,\"title\":\"IMG-20240701-WA0007\",\"url\":\"https:\/\/feuerwehr-feistritz.at\/wp-content\/uploads\/2024\/07\/IMG-20240701-WA0007.jpg\",\"link\":\"https:\/\/feuerwehr-feistritz.at\/?attachment_id=4758\",\"alt\":\"\",\"description\":\"\",\"caption\":\"\",\"mime\":\"image\/jpeg\",\"type\":\"image\",\"width\":1600,\"height\":900,\"sizes\":{\"thumbnail\":{\"height\":150,\"width\":150,\"url\":\"https:\/\/feuerwehr-feistritz.at\/wp-content\/uploads\/2024\/07\/IMG-20240701-WA0007-150x150.jpg\",\"orientation\":\"landscape\"},\"medium\":{\"height\":169,\"width\":300,\"url\":\"https:\/\/feuerwehr-feistritz.at\/wp-content\/uploads\/2024\/07\/IMG-20240701-WA0007-300x169.jpg\",\"orientation\":\"landscape\"},\"large\":{\"height\":576,\"width\":1024,\"url\":\"https:\/\/feuerwehr-feistritz.at\/wp-content\/uploads\/2024\/07\/IMG-20240701-WA0007-1024x576.jpg\",\"orientation\":\"landscape\"},\"full\":{\"url\":\"https:\/\/feuerwehr-feistritz.at\/wp-content\/uploads\/2024\/07\/IMG-20240701-WA0007.jpg\",\"height\":900,\"width\":1600,\"orientation\":\"landscape\"}},\"imageMeta\":{\"aperture\":\"0\",\"credit\":\"\",\"camera\":\"\",\"caption\":\"\",\"created_timestamp\":\"0\",\"copyright\":\"\",\"focal_length\":\"0\",\"iso\":\"0\",\"shutter_speed\":\"0\",\"title\":\"\",\"orientation\":\"0\",\"keywords\":[]},\"meta\":false,\"postlink\":\"https:\/\/feuerwehr-feistritz.at\/?attachment_id=4758\"},{\"id\":4759,\"title\":\"IMG-20240701-WA0008\",\"url\":\"https:\/\/feuerwehr-feistritz.at\/wp-content\/uploads\/2024\/07\/IMG-20240701-WA0008.jpg\",\"link\":\"https:\/\/feuerwehr-feistritz.at\/?attachment_id=4759\",\"alt\":\"\",\"description\":\"\",\"caption\":\"\",\"mime\":\"image\/jpeg\",\"type\":\"image\",\"width\":1600,\"height\":900,\"sizes\":{\"thumbnail\":{\"height\":150,\"width\":150,\"url\":\"https:\/\/feuerwehr-feistritz.at\/wp-content\/uploads\/2024\/07\/IMG-20240701-WA0008-150x150.jpg\",\"orientation\":\"landscape\"},\"medium\":{\"height\":169,\"width\":300,\"url\":\"https:\/\/feuerwehr-feistritz.at\/wp-content\/uploads\/2024\/07\/IMG-20240701-WA0008-300x169.jpg\",\"orientation\":\"landscape\"},\"large\":{\"height\":576,\"width\":1024,\"url\":\"https:\/\/feuerwehr-feistritz.at\/wp-content\/uploads\/2024\/07\/IMG-20240701-WA0008-1024x576.jpg\",\"orientation\":\"landscape\"},\"full\":{\"url\":\"https:\/\/feuerwehr-feistritz.at\/wp-content\/uploads\/2024\/07\/IMG-20240701-WA0008.jpg\",\"height\":900,\"width\":1600,\"orientation\":\"landscape\"}},\"imageMeta\":{\"aperture\":\"0\",\"credit\":\"\",\"camera\":\"\",\"caption\":\"\",\"created_timestamp\":\"0\",\"copyright\":\"\",\"focal_length\":\"0\",\"iso\":\"0\",\"shutter_speed\":\"0\",\"title\":\"\",\"orientation\":\"0\",\"keywords\":[]},\"meta\":false,\"postlink\":\"https:\/\/feuerwehr-feistritz.at\/?attachment_id=4759\"},{\"id\":4760,\"title\":\"IMG-20240701-WA0002\",\"url\":\"https:\/\/feuerwehr-feistritz.at\/wp-content\/uploads\/2024\/07\/IMG-20240701-WA0002.jpg\",\"link\":\"https:\/\/feuerwehr-feistritz.at\/?attachment_id=4760\",\"alt\":\"\",\"description\":\"\",\"caption\":\"\",\"mime\":\"image\/jpeg\",\"type\":\"image\",\"width\":900,\"height\":1600,\"sizes\":{\"thumbnail\":{\"height\":150,\"width\":150,\"url\":\"https:\/\/feuerwehr-feistritz.at\/wp-content\/uploads\/2024\/07\/IMG-20240701-WA0002-150x150.jpg\",\"orientation\":\"landscape\"},\"medium\":{\"height\":300,\"width\":169,\"url\":\"https:\/\/feuerwehr-feistritz.at\/wp-content\/uploads\/2024\/07\/IMG-20240701-WA0002-169x300.jpg\",\"orientation\":\"portrait\"},\"large\":{\"height\":1024,\"width\":576,\"url\":\"https:\/\/feuerwehr-feistritz.at\/wp-content\/uploads\/2024\/07\/IMG-20240701-WA0002-576x1024.jpg\",\"orientation\":\"portrait\"},\"full\":{\"url\":\"https:\/\/feuerwehr-feistritz.at\/wp-content\/uploads\/2024\/07\/IMG-20240701-WA0002.jpg\",\"height\":1600,\"width\":900,\"orientation\":\"portrait\"}},\"imageMeta\":{\"aperture\":\"0\",\"credit\":\"\",\"camera\":\"\",\"caption\":\"\",\"created_timestamp\":\"0\",\"copyright\":\"\",\"focal_length\":\"0\",\"iso\":\"0\",\"shutter_speed\":\"0\",\"title\":\"\",\"orientation\":\"0\",\"keywords\":[]},\"meta\":false,\"postlink\":\"https:\/\/feuerwehr-feistritz.at\/?attachment_id=4760\"},{\"id\":4761,\"title\":\"IMG-20240701-WA0003\",\"url\":\"https:\/\/feuerwehr-feistritz.at\/wp-content\/uploads\/2024\/07\/IMG-20240701-WA0003.jpg\",\"link\":\"https:\/\/feuerwehr-feistritz.at\/?attachment_id=4761\",\"alt\":\"\",\"description\":\"\",\"caption\":\"\",\"mime\":\"image\/jpeg\",\"type\":\"image\",\"width\":1600,\"height\":900,\"sizes\":{\"thumbnail\":{\"height\":150,\"width\":150,\"url\":\"https:\/\/feuerwehr-feistritz.at\/wp-content\/uploads\/2024\/07\/IMG-20240701-WA0003-150x150.jpg\",\"orientation\":\"landscape\"},\"medium\":{\"height\":169,\"width\":300,\"url\":\"https:\/\/feuerwehr-feistritz.at\/wp-content\/uploads\/2024\/07\/IMG-20240701-WA0003-300x169.jpg\",\"orientation\":\"landscape\"},\"large\":{\"height\":576,\"width\":1024,\"url\":\"https:\/\/feuerwehr-feistritz.at\/wp-content\/uploads\/2024\/07\/IMG-20240701-WA0003-1024x576.jpg\",\"orientation\":\"landscape\"},\"full\":{\"url\":\"https:\/\/feuerwehr-feistritz.at\/wp-content\/uploads\/2024\/07\/IMG-20240701-WA0003.jpg\",\"height\":900,\"width\":1600,\"orientation\":\"landscape\"}},\"imageMeta\":{\"aperture\":\"0\",\"credit\":\"\",\"camera\":\"\",\"caption\":\"\",\"created_timestamp\":\"0\",\"copyright\":\"\",\"focal_length\":\"0\",\"iso\":\"0\",\"shutter_speed\":\"0\",\"title\":\"\",\"orientation\":\"0\",\"keywords\":[]},\"meta\":false,\"postlink\":\"https:\/\/feuerwehr-feistritz.at\/?attachment_id=4761\"},{\"id\":4762,\"title\":\"IMG-20240701-WA0004\",\"url\":\"https:\/\/feuerwehr-feistritz.at\/wp-content\/uploads\/2024\/07\/IMG-20240701-WA0004.jpg\",\"link\":\"https:\/\/feuerwehr-feistritz.at\/?attachment_id=4762\",\"alt\":\"\",\"description\":\"\",\"caption\":\"\",\"mime\":\"image\/jpeg\",\"type\":\"image\",\"width\":1600,\"height\":900,\"sizes\":{\"thumbnail\":{\"height\":150,\"width\":150,\"url\":\"https:\/\/feuerwehr-feistritz.at\/wp-content\/uploads\/2024\/07\/IMG-20240701-WA0004-150x150.jpg\",\"orientation\":\"landscape\"},\"medium\":{\"height\":169,\"width\":300,\"url\":\"https:\/\/feuerwehr-feistritz.at\/wp-content\/uploads\/2024\/07\/IMG-20240701-WA0004-300x169.jpg\",\"orientation\":\"landscape\"},\"large\":{\"height\":576,\"width\":1024,\"url\":\"https:\/\/feuerwehr-feistritz.at\/wp-content\/uploads\/2024\/07\/IMG-20240701-WA0004-1024x576.jpg\",\"orientation\":\"landscape\"},\"full\":{\"url\":\"https:\/\/feuerwehr-feistritz.at\/wp-content\/uploads\/2024\/07\/IMG-20240701-WA0004.jpg\",\"height\":900,\"width\":1600,\"orientation\":\"landscape\"}},\"imageMeta\":{\"aperture\":\"0\",\"credit\":\"\",\"camera\":\"\",\"caption\":\"\",\"created_timestamp\":\"0\",\"copyright\":\"\",\"focal_length\":\"0\",\"iso\":\"0\",\"shutter_speed\":\"0\",\"title\":\"\",\"orientation\":\"0\",\"keywords\":[]},\"meta\":false,\"postlink\":\"https:\/\/feuerwehr-feistritz.at\/?attachment_id=4762\"},{\"id\":4763,\"title\":\"IMG-20240701-WA0005\",\"url\":\"https:\/\/feuerwehr-feistritz.at\/wp-content\/uploads\/2024\/07\/IMG-20240701-WA0005.jpg\",\"link\":\"https:\/\/feuerwehr-feistritz.at\/?attachment_id=4763\",\"alt\":\"\",\"description\":\"\",\"caption\":\"\",\"mime\":\"image\/jpeg\",\"type\":\"image\",\"width\":1600,\"height\":900,\"sizes\":{\"thumbnail\":{\"height\":150,\"width\":150,\"url\":\"https:\/\/feuerwehr-feistritz.at\/wp-content\/uploads\/2024\/07\/IMG-20240701-WA0005-150x150.jpg\",\"orientation\":\"landscape\"},\"medium\":{\"height\":169,\"width\":300,\"url\":\"https:\/\/feuerwehr-feistritz.at\/wp-content\/uploads\/2024\/07\/IMG-20240701-WA0005-300x169.jpg\",\"orientation\":\"landscape\"},\"large\":{\"height\":576,\"width\":1024,\"url\":\"https:\/\/feuerwehr-feistritz.at\/wp-content\/uploads\/2024\/07\/IMG-20240701-WA0005-1024x576.jpg\",\"orientation\":\"landscape\"},\"full\":{\"url\":\"https:\/\/feuerwehr-feistritz.at\/wp-content\/uploads\/2024\/07\/IMG-20240701-WA0005.jpg\",\"height\":900,\"width\":1600,\"orientation\":\"landscape\"}},\"imageMeta\":{\"aperture\":\"0\",\"credit\":\"\",\"camera\":\"\",\"caption\":\"\",\"created_timestamp\":\"0\",\"copyright\":\"\",\"focal_length\":\"0\",\"iso\":\"0\",\"shutter_speed\":\"0\",\"title\":\"\",\"orientation\":\"0\",\"keywords\":[]},\"meta\":false,\"postlink\":\"https:\/\/feuerwehr-feistritz.at\/?attachment_id=4763\"},{\"id\":4764,\"title\":\"IMG-20240701-WA0006\",\"url\":\"https:\/\/feuerwehr-feistritz.at\/wp-content\/uploads\/2024\/07\/IMG-20240701-WA0006.jpg\",\"link\":\"https:\/\/feuerwehr-feistritz.at\/?attachment_id=4764\",\"alt\":\"\",\"description\":\"\",\"caption\":\"\",\"mime\":\"image\/jpeg\",\"type\":\"image\",\"width\":1600,\"height\":900,\"sizes\":{\"thumbnail\":{\"height\":150,\"width\":150,\"url\":\"https:\/\/feuerwehr-feistritz.at\/wp-content\/uploads\/2024\/07\/IMG-20240701-WA0006-150x150.jpg\",\"orientation\":\"landscape\"},\"medium\":{\"height\":169,\"width\":300,\"url\":\"https:\/\/feuerwehr-feistritz.at\/wp-content\/uploads\/2024\/07\/IMG-20240701-WA0006-300x169.jpg\",\"orientation\":\"landscape\"},\"large\":{\"height\":576,\"width\":1024,\"url\":\"https:\/\/feuerwehr-feistritz.at\/wp-content\/uploads\/2024\/07\/IMG-20240701-WA0006-1024x576.jpg\",\"orientation\":\"landscape\"},\"full\":{\"url\":\"https:\/\/feuerwehr-feistritz.at\/wp-content\/uploads\/2024\/07\/IMG-20240701-WA0006.jpg\",\"height\":900,\"width\":1600,\"orientation\":\"landscape\"}},\"imageMeta\":{\"aperture\":\"0\",\"credit\":\"\",\"camera\":\"\",\"caption\":\"\",\"created_timestamp\":\"0\",\"copyright\":\"\",\"focal_length\":\"0\",\"iso\":\"0\",\"shutter_speed\":\"0\",\"title\":\"\",\"orientation\":\"0\",\"keywords\":[]},\"meta\":false,\"postlink\":\"https:\/\/feuerwehr-feistritz.at\/?attachment_id=4764\"}],\"itemsMetaDataCollection\":[]}<\/script><script>(function(){if(window.PGC_SGB && window.PGC_SGB.searcher){window.PGC_SGB.searcher.initBlocks()}})()<\/script><\/div>","protected":false},"excerpt":{"rendered":"<p>Die Marktgemeinde Paternion verkauft aufgrund eines altersbedingten Austauschesein RLFA-2000 der [&hellip;]<\/p>\n","protected":false},"author":2,"featured_media":4758,"comment_status":"closed","ping_status":"open","sticky":false,"template":"","format":"standard","meta":{"pgc_sgb_lightbox_settings":"","footnotes":""},"categories":[7],"tags":[],"class_list":["post-4757","post","type-post","status-publish","format-standard","has-post-thumbnail","hentry","category-allgemeines","col-md-4 col-sm-4"],"_links":{"self":[{"href":"https:\/\/feuerwehr-feistritz.at\/index.php\/wp-json\/wp\/v2\/posts\/4757","targetHints":{"allow":["GET"]}}],"collection":[{"href":"https:\/\/feuerwehr-feistritz.at\/index.php\/wp-json\/wp\/v2\/posts"}],"about":[{"href":"https:\/\/feuerwehr-feistritz.at\/index.php\/wp-json\/wp\/v2\/types\/post"}],"author":[{"embeddable":true,"href":"https:\/\/feuerwehr-feistritz.at\/index.php\/wp-json\/wp\/v2\/users\/2"}],"replies":[{"embeddable":true,"href":"https:\/\/feuerwehr-feistritz.at\/index.php\/wp-json\/wp\/v2\/comments?post=4757"}],"version-history":[{"count":1,"href":"https:\/\/feuerwehr-feistritz.at\/index.php\/wp-json\/wp\/v2\/posts\/4757\/revisions"}],"predecessor-version":[{"id":4765,"href":"https:\/\/feuerwehr-feistritz.at\/index.php\/wp-json\/wp\/v2\/posts\/4757\/revisions\/4765"}],"wp:featuredmedia":[{"embeddable":true,"href":"https:\/\/feuerwehr-feistritz.at\/index.php\/wp-json\/wp\/v2\/media\/4758"}],"wp:attachment":[{"href":"https:\/\/feuerwehr-feistritz.at\/index.php\/wp-json\/wp\/v2\/media?parent=4757"}],"wp:term":[{"taxonomy":"category","embeddable":true,"href":"https:\/\/feuerwehr-feistritz.at\/index.php\/wp-json\/wp\/v2\/categories?post=4757"},{"taxonomy":"post_tag","embeddable":true,"href":"https:\/\/feuerwehr-feistritz.at\/index.php\/wp-json\/wp\/v2\/tags?post=4757"}],"curies":[{"name":"wp","href":"https:\/\/api.w.org\/{rel}","templated":true}]}}